{"id":1165,"date":"2025-02-16T15:07:23","date_gmt":"2025-02-16T14:07:23","guid":{"rendered":"https:\/\/herbalkincsei.hu\/?p=1165"},"modified":"2025-02-16T15:07:27","modified_gmt":"2025-02-16T14:07:27","slug":"fittprotein-glucomanna-hcacla","status":"publish","type":"post","link":"https:\/\/herbalkincsei.hu\/index.php\/2025\/02\/16\/fittprotein-glucomanna-hcacla\/","title":{"rendered":"Fittprotein Glucomanna HCA+CLa"},"content":{"rendered":"\n<p class=\"has-black-color has-text-color has-link-color wp-elements-b99a9d25db16cff07420cc1c29c34dbd\">Komplex <strong>\u00e9tv\u00e1gycs\u00f6kkent\u0151 \u00e9s zs\u00edr\u00e9get\u0151 formula<\/strong> a k\u00edv\u00e1natos alak\u00e9rt.<\/p>\n\n\n\n<p class=\"has-black-color has-text-color has-link-color wp-elements-01db18cad5465e21aa2dca9876d34e77\">A term\u00e9k a di\u00e9t\u00e1z\u00f3k k\u00f6r\u00e9ben nagyon n\u00e9pszer\u0171 <strong>HCA \u00e9s CLA hat\u00f3anyag<\/strong>okat tartalmazza. Tov\u00e1bb\u00e1 a benne tal\u00e1lhat\u00f3 \u00f6rd\u00f6gnyelv konjac n\u00f6v\u00e9ny kivonat miut\u00e1n a gyomorba ker\u00fcl a <strong>vizet megk\u00f6tve megduzzad, ez\u00e1ltal el\u0151seg\u00edtheti a telts\u00e9g\u00e9rzetet <\/strong>\u00e9s fogy\u00f3k\u00far\u00e1s c\u00e9lok el\u00e9r\u00e9s\u00e9t.<\/p>\n\n\n\n<p class=\"has-black-color has-text-color has-link-color wp-elements-36790be1edb160a515796698e70da1dc\"><strong>Mardos az \u00e9hs\u00e9g? Neh\u00e9z meg\u00e1lljt parancsolni? <\/strong>Pr\u00f3b\u00e1ld ki a Fittprotein Glucomannan HCA+CLA kapszul\u00e1t, amely tarkabogy\u00f3 kivonatot (HCA), konjug\u00e1lt linolsavat \u00e9s egy \u00e1zsi\u00e1ban \u0151shonos n\u00f6v\u00e9nyb\u0151l (\u00f6rd\u00f6gnyelv) k\u00e9sz\u00fclt kivonatot tartalmaz.<\/p>\n\n\n\n<p class=\"has-black-color has-text-color has-link-color wp-elements-064958311e6623547b3f43236c3c3873\"><strong>Mi\u00e9rt \u00e9rdemes a Fittprotein Glucomannan HCA+CLA-t v\u00e1lasztanod?<\/strong><\/p>\n\n\n\n<ul class=\"wp-block-list has-black-color has-text-color has-link-color wp-elements-26ba3be03b738f4feeb620655b42b982\">\n<li>K\u00f6nnyen lenyelhet\u0151 kapszul\u00e1s kivitel<\/li>\n\n\n\n<li>Egym\u00e1s hat\u00e1sait er\u0151s\u00edt\u0151, gondosan \u00f6sszev\u00e1logatott \u00f6sszetev\u0151k<\/li>\n\n\n\n<li>Megfelel\u0151 \u00e9trenddel kombin\u00e1lva el\u0151seg\u00edtheti a fogy\u00e1st<\/li>\n\n\n\n<li>30 napra elegend\u0151 kapszul\u00e1t tartalmaz.<\/li>\n<\/ul>\n\n\n\n<h2 class=\"wp-block-heading\"><strong>Valami nincs rendben a b\u00e9lrendszerben? Ez az 5 t\u00fcnet el\u00e1rulja.<\/strong><\/h2>\n\n\n\n<p class=\"has-black-color has-text-color has-link-color wp-elements-3cb5ec10831a9a495dabe25e0d84c25c\">B\u00e9lrendszer\u00fcnk szervezet\u00fcnk \u00e9rz\u00e9keny indik\u00e1tora, a leg\u00fajabb orvostudom\u00e1nyi elm\u00e9letek szerint a b\u00e9l az \u201c\u00faj agy\u201d vagyis b\u00e9lrendszer\u00fcnknek saj\u00e1t idegrendszere van \u00e9s n\u00e9lk\u00fcle nem m\u0171k\u00f6dhetne megfelel\u0151en az immunrendszer\u00fcnk sem. Ennek tudat\u00e1ban nem \u00e1rt, ha odafigyel\u00fcnk apr\u00f3bb jelz\u00e9seire, \u00e9s komolyan vessz\u00fck azokat.<\/p>\n\n\n\n<p class=\"has-black-color has-text-color has-link-color wp-elements-836fd287314429c72db3d713ca21cf5d\">1. Az agy \u00e9s a b\u00e9lrendszer k\u00f6z\u00f6tt rendk\u00edv\u00fcl \u00f6sszetett kapcsolat \u00e1ll fenn, amelyet az enter\u00e1lis idegrendszer tesz lehet\u0151v\u00e9.<\/p>\n\n\n\n<p class=\"has-black-color has-text-color has-link-color wp-elements-b212aa92cc099e552213f97665493345\">2.B\u00e9lrendszer\u00fcnk megh\u00e1l\u00e1lja, ha j\u00f3l \u00e9tkez\u00fcnk, de ugyan\u00edgy visszajelz\u00e9sei is sokat el\u00e1rulnak eg\u00e9szs\u00e9gi \u00e1llapotunkr\u00f3l.<\/p>\n\n\n\n<p class=\"has-black-color has-text-color has-link-color wp-elements-056b31b3309ecc9a2eae9a247e9f7f44\">3.Nem kiz\u00e1r\u00f3lag a sz\u00e9kreked\u00e9s \u00e9s a puffad\u00e1s, az al\u00e1bbi 5 t\u00fcnet is jelezheti, hogy b\u00e9lrendszer\u00fcnkkel valami baj van.<\/p>\n\n\n\n<p class=\"has-black-color has-text-color has-link-color wp-elements-8a2377fb0adfc39402a17e150be0fffa\">Az ut\u00f3bbi \u00e9vtizedekben sz\u00e1mtalan tudom\u00e1nyos t\u00e9ny l\u00e1tott napvil\u00e1got az agy \u00e9s a b\u00e9lrendszer komplex kapcsolat\u00e1t illet\u0151en, melyekb\u0151l egy\u00e9rtelm\u0171nek l\u00e1tszik az eg\u00e9szs\u00e9ges b\u00e9l ment\u00e1lis \u00e9s fizikai j\u00f3l\u00e9t\u00fcnkben is szerepet j\u00e1tszik. A m\u00e1sodik agyunk, pontosabban az enter\u00e1lis idegrendszer ugyanis a b\u00e9lrendszer\u00fcnkben tal\u00e1lhat\u00f3 t\u00f6bb sz\u00e1z milli\u00f3 idegsejttel m\u0171k\u00f6dik, emellett folyamatos, k\u00e9tir\u00e1ny\u00fa kapcsolatot tart fenn az agyunkkal.<\/p>\n\n\n\n<p class=\"has-black-color has-text-color has-link-color wp-elements-33dc4cce7b9715f50130398c2850c079\">Azon t\u00fal, hogy befoly\u00e1solhatja p\u00e9ld\u00e1ul a hangulatunkat \u00e9s \u00e9rzelmeinket, els\u0151dleges feladata term\u00e9szetesen az, hogy az em\u00e9szt\u00e9s\u00fcnkkel minden rendben legyen, ak\u00e1r a b\u00e9lmozg\u00e1sr\u00f3l , a v\u00e9r\u00e1raml\u00e1sr\u00f3l vagy m\u00e1s funkci\u00f3kr\u00f3l van sz\u00f3.<\/p>\n\n\n\n<p class=\"has-black-color has-text-color has-link-color wp-elements-cc391cab281e1cdd4c8bee036b3c6dcf\"><strong>Eg\u00e9szs\u00e9gtelen b\u00e9lrendszer? Erre az 5 t\u00fcnetre figyelj!<\/strong><\/p>\n\n\n\n<p class=\"has-black-color has-text-color has-link-color wp-elements-3d7efc9e2f7e6da2e831208652162743\"><strong>1 Nyugtalankod\u00f3 gyomor<\/strong><\/p>\n\n\n\n<p class=\"has-black-color has-text-color has-link-color wp-elements-b318fedf3160a0741e560a086e48f4bb\">Ak\u00e1r g\u00e1zk\u00e9pz\u0151d\u00e9s, puffad\u00e1st vagy&nbsp; egy\u00e9b em\u00e9szt\u00e9si probl\u00e9m\u00e1kat tapasztalunk bizonyos \u00e9telek elfogyaszt\u00e1sa ut\u00e1n, ezek a t\u00fcnetek mind arra utalnak, hogy a b\u00e9lben tal\u00e1lhat\u00f3 bakt\u00e9riumok nem k\u00e9pesek lebontani megfelel\u0151en a bevitt t\u00e1panyagokat.<\/p>\n\n\n\n<p class=\"has-black-color has-text-color has-link-color wp-elements-6d7b2ea32c2f1b50f1a7997fd1b1189f\"><strong>2 Cukor ut\u00e1ni s\u00f3v\u00e1rg\u00e1s<\/strong><\/p>\n\n\n\n<p class=\"has-black-color has-text-color has-link-color wp-elements-b440866f377e0530ea191131d7caf870\">Azt m\u00e1r eddig is tudtuk, hogy a cukor \u00f6reg\u00edt, \u00e1m nagy mennyis\u00e9g\u0171 fogyaszt\u00e1sa m\u00e9g a k\u00e1ros bakt\u00e9riumok elszaporod\u00e1s\u00e1t is okozhatja a b\u00e9lrendszerben. Ha \u00fagy \u00e9rezz\u00fck a szok\u00e1sosn\u00e1l is jobban s\u00f3v\u00e1rgunk a cukor , \u00e9des \u00e9telek ut\u00e1n, akkor nagy a val\u00f3sz\u00edn\u0171s\u00e9ge, hogy az eml\u00edtett k\u00e1ros bakt\u00e9riumok elszaporodtak a b\u00e9lrendszer\u00fcnkben.<\/p>\n\n\n\n<p class=\"has-black-color has-text-color has-link-color wp-elements-093d392544790950ecfa7e304f20befd\"><strong>3 \u00c1lmatlan \u00e9jszak\u00e1k<\/strong><\/p>\n\n\n\n<p class=\"has-black-color has-text-color has-link-color wp-elements-ac64be5c522a53a5457721751303f396\">\u00c9s ha m\u00e1r a b\u00e9l-agy kapcsolat, ne feledj\u00fck, hogy az eg\u00e9szs\u00e9gtelen b\u00e9lrendszer alv\u00e1szavart&nbsp; is el\u0151id\u00e9zhet, ami maga ut\u00e1n vonja a kr\u00f3nikus f\u00e1rads\u00e1got \u00e9s az eg\u00e9szs\u00e9gtelen \u00e9telek rendszertelen fogyaszt\u00e1s\u00e1t.<\/p>\n\n\n\n<p class=\"has-black-color has-text-color has-link-color wp-elements-1aaacfd7798d3203b0dd86311de11620\"><strong>4 Kr\u00f3nikus f\u00e1rads\u00e1g<\/strong><\/p>\n\n\n\n<p class=\"has-black-color has-text-color has-link-color wp-elements-c13d35cc2543beaa3e080037a01f539a\">B\u00e9lrendszer\u00fcnk ment\u00e1lis \u00e1llapotunkra is hat\u00e1st gyakorol. Az irrit\u00e1bilis b\u00e9l szindr\u00f3m\u00e1ban szenved\u0151 betegek t\u00f6bb mint fele p\u00e9ld\u00e1ul depresszi\u00f3val, szorong\u00e1ssal vagy alv\u00e1si probl\u00e9m\u00e1kkal is k\u00fczd, az \u00f6sszef\u00fcgg\u00e9s teh\u00e1t egy\u00e9rtelm\u0171en kimutathat\u00f3, f\u0151k\u00e9nt a b\u00e9l-agy\u00a0 kommunik\u00e1ci\u00f3 magyar\u00e1zza.<\/p>\n\n\n\n<p class=\"has-black-color has-text-color has-link-color wp-elements-9e5dbd22d4667c91304f37b051bcc776\"><strong>5 S\u00falyingadoz\u00e1sok&nbsp;<\/strong><\/p>\n\n\n\n<p class=\"has-black-color has-text-color has-link-color wp-elements-7f1cae4b6cd4c10879db72fbc7e76c75\">Test\u00fcnk t\u00f6bb l\u00e1that\u00f3 m\u00f3don is figyelmeztethet a b\u00e9l probl\u00e9m\u00e1kra. A b\u0151r panaszai \u00e9s a tests\u00faly ingadoz\u00e1sai is ilyen t\u00fcnetek, ut\u00f3bbi k\u00fcl\u00f6n\u00f6sen akkor, ha nem fogy\u00e1sr\u00f3l vagy h\u00edz\u00e1sr\u00f3l van sz\u00f3. Amikor a b\u00e9lrendszer kiegyens\u00falyozott \u2013 \u00e9s nem\u00a0 v\u00e1ltoztatunk \u00e9tkez\u00e9si vagy sportol\u00e1si szok\u00e1sunkon- akkor nem k\u00f6vetkezik be semmilyen drasztikus v\u00e1ltoz\u00e1s.<\/p>\n\n\n\n<p><\/p>\n","protected":false},"excerpt":{"rendered":"<p>Komplex \u00e9tv\u00e1gycs\u00f6kkent\u0151 \u00e9s zs\u00edr\u00e9get\u0151 formula a k\u00edv\u00e1natos alak\u00e9rt. A term\u00e9k a di\u00e9t\u00e1z\u00f3k k\u00f6r\u00e9ben nagyon n\u00e9pszer\u0171 HCA \u00e9s CLA hat\u00f3anyagokat tartalmazza. Tov\u00e1bb\u00e1 a benne tal\u00e1lhat\u00f3 \u00f6rd\u00f6gnyelv&hellip;<\/p>\n","protected":false},"author":2,"featured_media":0,"comment_status":"closed","ping_status":"closed","sticky":false,"template":"","format":"standard","meta":{"footnotes":""},"categories":[229,240,233],"tags":[],"class_list":["post-1165","post","type-post","status-publish","format-standard","hentry","category-betegsegek","category-egeszseg_tanacsok","category-fittprotein"],"yoast_head":"<!-- This site is optimized with the Yoast SEO plugin v27.5 - https:\/\/yoast.com\/product\/yoast-seo-wordpress\/ -->\n<title>Fittprotein Glucomanna HCA+CLa - Herb\u00e1lkincsei<\/title>\n<meta name=\"robots\" content=\"index, follow, max-snippet:-1, max-image-preview:large, max-video-preview:-1\" \/>\n<link rel=\"canonical\" href=\"https:\/\/herbalkincsei.hu\/index.php\/2025\/02\/16\/fittprotein-glucomanna-hcacla\/\" \/>\n<meta property=\"og:locale\" content=\"hu_HU\" \/>\n<meta property=\"og:type\" content=\"article\" \/>\n<meta property=\"og:title\" content=\"Fittprotein Glucomanna HCA+CLa - Herb\u00e1lkincsei\" \/>\n<meta property=\"og:description\" content=\"Komplex \u00e9tv\u00e1gycs\u00f6kkent\u0151 \u00e9s zs\u00edr\u00e9get\u0151 formula a k\u00edv\u00e1natos alak\u00e9rt. A term\u00e9k a di\u00e9t\u00e1z\u00f3k k\u00f6r\u00e9ben nagyon n\u00e9pszer\u0171 HCA \u00e9s CLA hat\u00f3anyagokat tartalmazza. Tov\u00e1bb\u00e1 a benne tal\u00e1lhat\u00f3 \u00f6rd\u00f6gnyelv&hellip;\" \/>\n<meta property=\"og:url\" content=\"https:\/\/herbalkincsei.hu\/index.php\/2025\/02\/16\/fittprotein-glucomanna-hcacla\/\" \/>\n<meta property=\"og:site_name\" content=\"Herb\u00e1lkincsei\" \/>\n<meta property=\"article:published_time\" content=\"2025-02-16T14:07:23+00:00\" \/>\n<meta property=\"article:modified_time\" content=\"2025-02-16T14:07:27+00:00\" \/>\n<meta name=\"author\" content=\"Balog Erika\" \/>\n<meta name=\"twitter:card\" content=\"summary_large_image\" \/>\n<meta name=\"twitter:label1\" content=\"Szerz\u0151:\" \/>\n\t<meta name=\"twitter:data1\" content=\"Balog Erika\" \/>\n\t<meta name=\"twitter:label2\" content=\"Becs\u00fclt olvas\u00e1si id\u0151\" \/>\n\t<meta name=\"twitter:data2\" content=\"3 perc\" \/>\n<script type=\"application\/ld+json\" class=\"yoast-schema-graph\">{\"@context\":\"https:\\\/\\\/schema.org\",\"@graph\":[{\"@type\":\"Article\",\"@id\":\"https:\\\/\\\/herbalkincsei.hu\\\/index.php\\\/2025\\\/02\\\/16\\\/fittprotein-glucomanna-hcacla\\\/#article\",\"isPartOf\":{\"@id\":\"https:\\\/\\\/herbalkincsei.hu\\\/index.php\\\/2025\\\/02\\\/16\\\/fittprotein-glucomanna-hcacla\\\/\"},\"author\":{\"name\":\"Balog Erika\",\"@id\":\"https:\\\/\\\/herbalkincsei.hu\\\/#\\\/schema\\\/person\\\/8fc8f1000dff8fb074a0366b029b6c60\"},\"headline\":\"Fittprotein Glucomanna HCA+CLa\",\"datePublished\":\"2025-02-16T14:07:23+00:00\",\"dateModified\":\"2025-02-16T14:07:27+00:00\",\"mainEntityOfPage\":{\"@id\":\"https:\\\/\\\/herbalkincsei.hu\\\/index.php\\\/2025\\\/02\\\/16\\\/fittprotein-glucomanna-hcacla\\\/\"},\"wordCount\":788,\"publisher\":{\"@id\":\"https:\\\/\\\/herbalkincsei.hu\\\/#organization\"},\"articleSection\":[\"Betegs\u00e9gek\",\"Eg\u00e9szs\u00e9g tan\u00e1csok\",\"Fittprotein\"],\"inLanguage\":\"hu\"},{\"@type\":\"WebPage\",\"@id\":\"https:\\\/\\\/herbalkincsei.hu\\\/index.php\\\/2025\\\/02\\\/16\\\/fittprotein-glucomanna-hcacla\\\/\",\"url\":\"https:\\\/\\\/herbalkincsei.hu\\\/index.php\\\/2025\\\/02\\\/16\\\/fittprotein-glucomanna-hcacla\\\/\",\"name\":\"Fittprotein Glucomanna HCA+CLa - Herb\u00e1lkincsei\",\"isPartOf\":{\"@id\":\"https:\\\/\\\/herbalkincsei.hu\\\/#website\"},\"datePublished\":\"2025-02-16T14:07:23+00:00\",\"dateModified\":\"2025-02-16T14:07:27+00:00\",\"breadcrumb\":{\"@id\":\"https:\\\/\\\/herbalkincsei.hu\\\/index.php\\\/2025\\\/02\\\/16\\\/fittprotein-glucomanna-hcacla\\\/#breadcrumb\"},\"inLanguage\":\"hu\",\"potentialAction\":[{\"@type\":\"ReadAction\",\"target\":[\"https:\\\/\\\/herbalkincsei.hu\\\/index.php\\\/2025\\\/02\\\/16\\\/fittprotein-glucomanna-hcacla\\\/\"]}]},{\"@type\":\"BreadcrumbList\",\"@id\":\"https:\\\/\\\/herbalkincsei.hu\\\/index.php\\\/2025\\\/02\\\/16\\\/fittprotein-glucomanna-hcacla\\\/#breadcrumb\",\"itemListElement\":[{\"@type\":\"ListItem\",\"position\":1,\"name\":\"Kezd\u0151lap\",\"item\":\"https:\\\/\\\/herbalkincsei.hu\\\/\"},{\"@type\":\"ListItem\",\"position\":2,\"name\":\"Fittprotein Glucomanna HCA+CLa\"}]},{\"@type\":\"WebSite\",\"@id\":\"https:\\\/\\\/herbalkincsei.hu\\\/#website\",\"url\":\"https:\\\/\\\/herbalkincsei.hu\\\/\",\"name\":\"herbalkincsei.hu\",\"description\":\"Ahol az eg\u00e9szs\u00e9g a c\u00e9l.\",\"publisher\":{\"@id\":\"https:\\\/\\\/herbalkincsei.hu\\\/#organization\"},\"potentialAction\":[{\"@type\":\"SearchAction\",\"target\":{\"@type\":\"EntryPoint\",\"urlTemplate\":\"https:\\\/\\\/herbalkincsei.hu\\\/?s={search_term_string}\"},\"query-input\":{\"@type\":\"PropertyValueSpecification\",\"valueRequired\":true,\"valueName\":\"search_term_string\"}}],\"inLanguage\":\"hu\"},{\"@type\":\"Organization\",\"@id\":\"https:\\\/\\\/herbalkincsei.hu\\\/#organization\",\"name\":\"Herb\u00e1lkincsei\",\"url\":\"https:\\\/\\\/herbalkincsei.hu\\\/\",\"logo\":{\"@type\":\"ImageObject\",\"inLanguage\":\"hu\",\"@id\":\"https:\\\/\\\/herbalkincsei.hu\\\/#\\\/schema\\\/logo\\\/image\\\/\",\"url\":\"https:\\\/\\\/herbalkincsei.hu\\\/wp-content\\\/uploads\\\/2024\\\/02\\\/cropped-Green-Leaf-Aromatherapy-Logo-400-\u00d7-135-keppont.png?wsr\",\"contentUrl\":\"https:\\\/\\\/herbalkincsei.hu\\\/wp-content\\\/uploads\\\/2024\\\/02\\\/cropped-Green-Leaf-Aromatherapy-Logo-400-\u00d7-135-keppont.png?wsr\",\"width\":400,\"height\":135,\"caption\":\"Herb\u00e1lkincsei\"},\"image\":{\"@id\":\"https:\\\/\\\/herbalkincsei.hu\\\/#\\\/schema\\\/logo\\\/image\\\/\"}},{\"@type\":\"Person\",\"@id\":\"https:\\\/\\\/herbalkincsei.hu\\\/#\\\/schema\\\/person\\\/8fc8f1000dff8fb074a0366b029b6c60\",\"name\":\"Balog Erika\",\"image\":{\"@type\":\"ImageObject\",\"inLanguage\":\"hu\",\"@id\":\"https:\\\/\\\/secure.gravatar.com\\\/avatar\\\/3efdbd931cc33d8dfe7964468ff9e99477ed718a225334346935d7b242ebca1d?s=96&d=mm&r=g\",\"url\":\"https:\\\/\\\/secure.gravatar.com\\\/avatar\\\/3efdbd931cc33d8dfe7964468ff9e99477ed718a225334346935d7b242ebca1d?s=96&d=mm&r=g\",\"contentUrl\":\"https:\\\/\\\/secure.gravatar.com\\\/avatar\\\/3efdbd931cc33d8dfe7964468ff9e99477ed718a225334346935d7b242ebca1d?s=96&d=mm&r=g\",\"caption\":\"Balog Erika\"},\"sameAs\":[\"http:\\\/\\\/herbalkincsei.hu\"],\"url\":\"https:\\\/\\\/herbalkincsei.hu\\\/index.php\\\/author\\\/erika1977\\\/\"}]}<\/script>\n<!-- \/ Yoast SEO plugin. -->","yoast_head_json":{"title":"Fittprotein Glucomanna HCA+CLa - Herb\u00e1lkincsei","robots":{"index":"index","follow":"follow","max-snippet":"max-snippet:-1","max-image-preview":"max-image-preview:large","max-video-preview":"max-video-preview:-1"},"canonical":"https:\/\/herbalkincsei.hu\/index.php\/2025\/02\/16\/fittprotein-glucomanna-hcacla\/","og_locale":"hu_HU","og_type":"article","og_title":"Fittprotein Glucomanna HCA+CLa - Herb\u00e1lkincsei","og_description":"Komplex \u00e9tv\u00e1gycs\u00f6kkent\u0151 \u00e9s zs\u00edr\u00e9get\u0151 formula a k\u00edv\u00e1natos alak\u00e9rt. A term\u00e9k a di\u00e9t\u00e1z\u00f3k k\u00f6r\u00e9ben nagyon n\u00e9pszer\u0171 HCA \u00e9s CLA hat\u00f3anyagokat tartalmazza. Tov\u00e1bb\u00e1 a benne tal\u00e1lhat\u00f3 \u00f6rd\u00f6gnyelv&hellip;","og_url":"https:\/\/herbalkincsei.hu\/index.php\/2025\/02\/16\/fittprotein-glucomanna-hcacla\/","og_site_name":"Herb\u00e1lkincsei","article_published_time":"2025-02-16T14:07:23+00:00","article_modified_time":"2025-02-16T14:07:27+00:00","author":"Balog Erika","twitter_card":"summary_large_image","twitter_misc":{"Szerz\u0151:":"Balog Erika","Becs\u00fclt olvas\u00e1si id\u0151":"3 perc"},"schema":{"@context":"https:\/\/schema.org","@graph":[{"@type":"Article","@id":"https:\/\/herbalkincsei.hu\/index.php\/2025\/02\/16\/fittprotein-glucomanna-hcacla\/#article","isPartOf":{"@id":"https:\/\/herbalkincsei.hu\/index.php\/2025\/02\/16\/fittprotein-glucomanna-hcacla\/"},"author":{"name":"Balog Erika","@id":"https:\/\/herbalkincsei.hu\/#\/schema\/person\/8fc8f1000dff8fb074a0366b029b6c60"},"headline":"Fittprotein Glucomanna HCA+CLa","datePublished":"2025-02-16T14:07:23+00:00","dateModified":"2025-02-16T14:07:27+00:00","mainEntityOfPage":{"@id":"https:\/\/herbalkincsei.hu\/index.php\/2025\/02\/16\/fittprotein-glucomanna-hcacla\/"},"wordCount":788,"publisher":{"@id":"https:\/\/herbalkincsei.hu\/#organization"},"articleSection":["Betegs\u00e9gek","Eg\u00e9szs\u00e9g tan\u00e1csok","Fittprotein"],"inLanguage":"hu"},{"@type":"WebPage","@id":"https:\/\/herbalkincsei.hu\/index.php\/2025\/02\/16\/fittprotein-glucomanna-hcacla\/","url":"https:\/\/herbalkincsei.hu\/index.php\/2025\/02\/16\/fittprotein-glucomanna-hcacla\/","name":"Fittprotein Glucomanna HCA+CLa - Herb\u00e1lkincsei","isPartOf":{"@id":"https:\/\/herbalkincsei.hu\/#website"},"datePublished":"2025-02-16T14:07:23+00:00","dateModified":"2025-02-16T14:07:27+00:00","breadcrumb":{"@id":"https:\/\/herbalkincsei.hu\/index.php\/2025\/02\/16\/fittprotein-glucomanna-hcacla\/#breadcrumb"},"inLanguage":"hu","potentialAction":[{"@type":"ReadAction","target":["https:\/\/herbalkincsei.hu\/index.php\/2025\/02\/16\/fittprotein-glucomanna-hcacla\/"]}]},{"@type":"BreadcrumbList","@id":"https:\/\/herbalkincsei.hu\/index.php\/2025\/02\/16\/fittprotein-glucomanna-hcacla\/#breadcrumb","itemListElement":[{"@type":"ListItem","position":1,"name":"Kezd\u0151lap","item":"https:\/\/herbalkincsei.hu\/"},{"@type":"ListItem","position":2,"name":"Fittprotein Glucomanna HCA+CLa"}]},{"@type":"WebSite","@id":"https:\/\/herbalkincsei.hu\/#website","url":"https:\/\/herbalkincsei.hu\/","name":"herbalkincsei.hu","description":"Ahol az eg\u00e9szs\u00e9g a c\u00e9l.","publisher":{"@id":"https:\/\/herbalkincsei.hu\/#organization"},"potentialAction":[{"@type":"SearchAction","target":{"@type":"EntryPoint","urlTemplate":"https:\/\/herbalkincsei.hu\/?s={search_term_string}"},"query-input":{"@type":"PropertyValueSpecification","valueRequired":true,"valueName":"search_term_string"}}],"inLanguage":"hu"},{"@type":"Organization","@id":"https:\/\/herbalkincsei.hu\/#organization","name":"Herb\u00e1lkincsei","url":"https:\/\/herbalkincsei.hu\/","logo":{"@type":"ImageObject","inLanguage":"hu","@id":"https:\/\/herbalkincsei.hu\/#\/schema\/logo\/image\/","url":"https:\/\/herbalkincsei.hu\/wp-content\/uploads\/2024\/02\/cropped-Green-Leaf-Aromatherapy-Logo-400-\u00d7-135-keppont.png?wsr","contentUrl":"https:\/\/herbalkincsei.hu\/wp-content\/uploads\/2024\/02\/cropped-Green-Leaf-Aromatherapy-Logo-400-\u00d7-135-keppont.png?wsr","width":400,"height":135,"caption":"Herb\u00e1lkincsei"},"image":{"@id":"https:\/\/herbalkincsei.hu\/#\/schema\/logo\/image\/"}},{"@type":"Person","@id":"https:\/\/herbalkincsei.hu\/#\/schema\/person\/8fc8f1000dff8fb074a0366b029b6c60","name":"Balog Erika","image":{"@type":"ImageObject","inLanguage":"hu","@id":"https:\/\/secure.gravatar.com\/avatar\/3efdbd931cc33d8dfe7964468ff9e99477ed718a225334346935d7b242ebca1d?s=96&d=mm&r=g","url":"https:\/\/secure.gravatar.com\/avatar\/3efdbd931cc33d8dfe7964468ff9e99477ed718a225334346935d7b242ebca1d?s=96&d=mm&r=g","contentUrl":"https:\/\/secure.gravatar.com\/avatar\/3efdbd931cc33d8dfe7964468ff9e99477ed718a225334346935d7b242ebca1d?s=96&d=mm&r=g","caption":"Balog Erika"},"sameAs":["http:\/\/herbalkincsei.hu"],"url":"https:\/\/herbalkincsei.hu\/index.php\/author\/erika1977\/"}]}},"_links":{"self":[{"href":"https:\/\/herbalkincsei.hu\/index.php\/wp-json\/wp\/v2\/posts\/1165","targetHints":{"allow":["GET"]}}],"collection":[{"href":"https:\/\/herbalkincsei.hu\/index.php\/wp-json\/wp\/v2\/posts"}],"about":[{"href":"https:\/\/herbalkincsei.hu\/index.php\/wp-json\/wp\/v2\/types\/post"}],"author":[{"embeddable":true,"href":"https:\/\/herbalkincsei.hu\/index.php\/wp-json\/wp\/v2\/users\/2"}],"replies":[{"embeddable":true,"href":"https:\/\/herbalkincsei.hu\/index.php\/wp-json\/wp\/v2\/comments?post=1165"}],"version-history":[{"count":1,"href":"https:\/\/herbalkincsei.hu\/index.php\/wp-json\/wp\/v2\/posts\/1165\/revisions"}],"predecessor-version":[{"id":1166,"href":"https:\/\/herbalkincsei.hu\/index.php\/wp-json\/wp\/v2\/posts\/1165\/revisions\/1166"}],"wp:attachment":[{"href":"https:\/\/herbalkincsei.hu\/index.php\/wp-json\/wp\/v2\/media?parent=1165"}],"wp:term":[{"taxonomy":"category","embeddable":true,"href":"https:\/\/herbalkincsei.hu\/index.php\/wp-json\/wp\/v2\/categories?post=1165"},{"taxonomy":"post_tag","embeddable":true,"href":"https:\/\/herbalkincsei.hu\/index.php\/wp-json\/wp\/v2\/tags?post=1165"}],"curies":[{"name":"wp","href":"https:\/\/api.w.org\/{rel}","templated":true}]}}