{"id":1152,"date":"2025-02-16T11:33:26","date_gmt":"2025-02-16T10:33:26","guid":{"rendered":"https:\/\/herbalkincsei.hu\/?p=1152"},"modified":"2025-02-16T11:33:30","modified_gmt":"2025-02-16T10:33:30","slug":"multi-gumivitamin-gyerekeknek","status":"publish","type":"post","link":"https:\/\/herbalkincsei.hu\/index.php\/2025\/02\/16\/multi-gumivitamin-gyerekeknek\/","title":{"rendered":"Multi Gumivitamin Gyerekeknek"},"content":{"rendered":"\n<h2 class=\"wp-block-heading\" id=\"izletes-multivitamin-gumipasztilla-a-gyumolcsok-termeszetes-erejevel\"><strong>\u00cdzletes multivitamin gumipasztilla a gy\u00fcm\u00f6lcs\u00f6k term\u00e9szetes erej\u00e9vel!<\/strong><\/h2>\n\n\n\n<p class=\"has-black-color has-text-color has-link-color wp-elements-760d266e07be247f0e62bcc939809a60\"><strong>Tudjuk, hogy sz\u00fcl\u0151k\u00e9nt a legjobbat akarod ny\u00fajtani gyermekednek \u00e9s olyan megold\u00e1sokat keresel, melyek garant\u00e1ltan eredm\u00e9nyesek.<\/strong><\/p>\n\n\n\n<p class=\"has-black-color has-text-color has-link-color wp-elements-e8a2c9720e5b96ed5a9a1e4d786e9cbf\">Ha eleged van abb\u00f3l, hogy Te megveszed, de gyermeked nem eszi meg, ha meg\u0151r\u00fclsz att\u00f3l, hogy minden nap \u00fagy kell beleim\u00e1dkozni \u00e9s ha sz\u00e1modra m\u00e1r szinte mag\u00e1t\u00f3l \u00e9rtet\u0151dik, hogy ha finom, akkor nincsen val\u00f3s beltartalmi \u00e9rt\u00e9ke, oldd meg az \u00f6sszes probl\u00e9m\u00e1t egy csap\u00e1sra!<\/p>\n\n\n\n<p class=\"has-black-color has-text-color has-link-color wp-elements-86e57cc879187a10ed2acd9d8e265d6a\">V\u00e1laszd a veg\u00e1n, almapektinb\u0151l k\u00e9sz\u00fclt KIDS MULTI GUMMIES gumivitaminokat gyermeked sz\u00e1m\u00e1ra!<\/p>\n\n\n\n<h3 class=\"wp-block-heading has-black-color has-text-color has-link-color wp-elements-285ff6e48caf629c4093240e0dd0fd41\" id=\"multivitamin-gyerekeknek\"><strong>Multivitamin gyerekeknek<\/strong><\/h3>\n\n\n\n<p class=\"has-black-color has-text-color has-link-color wp-elements-93459f6b8b2db335e65c7fc06ee3de6a\">A gyerekek folyton mozg\u00e1sban vannak, sose pihennek \u00e9s \u00e1lland\u00f3 a lend\u00fclet\u00fck. Ehhez azonban folyamatos energiap\u00f3tl\u00e1sra, kiegyens\u00falyozott vitamin szintre, pihen\u00e9sre, hidrat\u00e1l\u00e1sra, valamint sok-sok szeretetre van sz\u00fcks\u00e9g\u00fck!<\/p>\n\n\n\n<p class=\"has-black-color has-text-color has-link-color wp-elements-99cfc5b89e91361dbce8f3d654115e0c\">J\u00f3, ha tudod:<\/p>\n\n\n\n<ul class=\"wp-block-list\">\n<li class=\"has-black-color has-text-color has-link-color wp-elements-c48362232a9984ae78d7d5c87aaf1255\"><strong>Semmilyen multivitamin nem helyettes\u00edtheti a v\u00e1ltozatos, kiegyens\u00falyozott \u00e9s t\u00e1panyagokban gazdag \u00e9tkez\u00e9st.<\/strong>Ugyanakkor nem szabad elfelejteni azt sem, hogy m\u00e1ra a z\u00f6lds\u00e9gek \u00e9s gy\u00fcm\u00f6lcs\u00f6k vitamintartalma, t\u00e1p\u00e9rt\u00e9ke cs\u00f6kken, a feldolgozott, finom\u00edtott, illetve nagy mennyis\u00e9g\u0171 hozz\u00e1adott cukrot tartalmaz\u00f3 \u00e9lelmiszerek pedig k\u00e1rosak az eg\u00e9szs\u00e9gre.<\/li>\n\n\n\n<li class=\"has-black-color has-text-color has-link-color wp-elements-f465e3380b671b40369b6a1ce8f3b319\"><strong>A gyermekek fejl\u0151d\u0151 szervezet\u00e9nek energia- \u00e9s t\u00e1panyagig\u00e9nye jelent\u0151sen elt\u00e9r a feln\u0151ttek sz\u00fcks\u00e9gleteit\u0151l.<br><\/strong>\u00c9pp ez\u00e9rt mindig k\u00f6r\u00fcltekint\u0151 odafigyel\u00e9sre \u00e9s extra gondolkoskod\u00e1sra, illetve m\u00e9g a megszokottn\u00e1l is j\u00f3val alaposabb szakmai ig\u00e9nyess\u00e9gre t\u00f6reksz\u00fcnk, amikor gyerekeknek k\u00e9sz\u00edt\u00fcnk \u00e9trend-kieg\u00e9sz\u00edt\u0151ket.<\/li>\n\n\n\n<li class=\"has-black-color has-text-color has-link-color wp-elements-bed9fc103756675ee92b9d9ce3092e5d\"><strong>Nem lehetetlen megtal\u00e1lni azt a vitaminkomplexet, ami a gyerekeket \u00e9s a sz\u00fcl\u0151ket is boldogg\u00e1 teszi.<\/strong>Mi m\u00e1r csak tudjuk, hiszen megcsin\u00e1ltuk! A KIDS MULTI GUMMIES gumivitaminok ugyanis almapektinb\u0151l, term\u00e9szetes citrom, narancs \u00e9s m\u00e1lna \u00edzben k\u00e9sz\u00fclnek. Azaz a gyerekek im\u00e1dj\u00e1k \u0151ket!<\/li>\n<\/ul>\n\n\n\n<p class=\"has-black-color has-text-color has-link-color wp-elements-5cde0b401308587314233cd0e5f502fd\">Az anyuk\u00e1k is, csakhogy \u0151ket a cukormentes kivitel \u00e9s az esszenci\u00e1lis vitaminok jelenl\u00e9te teszi boldogg\u00e1, nem igaz?<\/p>\n\n\n\n<p class=\"has-black-color has-text-color has-link-color wp-elements-b272c0fdef9c3ba9854eb13a9ef2d757\">Pr\u00f3b\u00e1lj\u00e1tok ki innovat\u00edv, term\u00e9szetes \u00edzvil\u00e1g\u00fa, veg\u00e1n \u00e9trend-kieg\u00e9sz\u00edt\u0151nket Ti is!<\/p>\n\n\n\n<h3 class=\"wp-block-heading has-black-color has-text-color has-link-color wp-elements-30bca841878de839d37b879acbff9655\" id=\"5-eset-amikor-szukseged-lehet-gyerek-multivitaminra\"><strong>5 eset, amikor sz\u00fcks\u00e9ged lehet gyerek multivitaminra<\/strong><\/h3>\n\n\n\n<p class=\"has-black-color has-text-color has-link-color wp-elements-4da739d1f31198d29f0d27c0fa2e2292\">A gyerekek fantasztikusak \u00e9s energiaig\u00e9nyesek. Hi\u00e1nyoznak nek\u00fcnk, ha nincsenek vel\u00fcnk,de az \u0151r\u00fcletbe kergetnek minket, amikor egym\u00e1st \u00fajra- meg \u00fajrafert\u0151zve egyik betegs\u00e9gb\u0151l a m\u00e1sikba esnek. Ez\u00e9rt tartjuk olyan fontosnak, hogy immunrendszer\u00fck mindig er\u0151s \u00e9s ellen\u00e1ll\u00f3 legyen.<\/p>\n\n\n\n<p class=\"has-black-color has-text-color has-link-color wp-elements-b8dc479727b5dbfc3c5edd67e85c78ca\">B\u00e1r a kiegyens\u00falyozott \u00e9trend, a mozg\u00e1sban \u00e9s pihen\u00e9sben gazdag \u00e9letm\u00f3d megadja sz\u00e1mukra mindazt, amire az eg\u00e9szs\u00e9ges \u00e9s zavartalan fejl\u0151d\u00e9shez sz\u00fcks\u00e9g\u00fcnk van, az al\u00e1bbi esetekben j\u00f3l j\u00f6het egy kis extra t\u00e1mogat\u00e1s.<\/p>\n\n\n\n<ul class=\"wp-block-list\">\n<li class=\"has-black-color has-text-color has-link-color wp-elements-02925ff1f4d311353d248fe2891115e1\">Ha gyermeked szelekt\u00edven eszik, v\u00e1logat\u00f3s vagy bizonyos \u00e9teleket k\u00f6vetkezetesen elutas\u00edt.<\/li>\n\n\n\n<li class=\"has-black-color has-text-color has-link-color wp-elements-b53f00a2b4366eb683eb4cb401045818\">Ha gyermekedn\u00e9l orvosilag igazolt vitaminhi\u00e1ny \u00e1ll fenn.<\/li>\n\n\n\n<li class=\"has-black-color has-text-color has-link-color wp-elements-e67c190d9cd29a7423ad5a31a9d7eef5\">Ha gyermeked elutas\u00edtja a z\u00f6lds\u00e9geket, gy\u00fcm\u00f6lcs\u00f6ket, illetve ha valamilyen \u00e9telallergia, intolerancia vagy egy\u00e9b anyagcserezavar \u00e1ll fenn n\u00e1la.<\/li>\n\n\n\n<li class=\"has-black-color has-text-color has-link-color wp-elements-894f0e85604fccdcabe0277d5159b300\">Ha gyermeked pszich\u00e9sen, fizikailag vagy \u00e9rzelmileg extr\u00e9m er\u0151s ig\u00e9nybev\u00e9telnek van kit\u00e9ve, pl. sportol, versenysportol, neh\u00e9z id\u0151szakon megy kereszt\u00fcl, neuro-atipikus vagy mag\u00e1n\u00e9leti neh\u00e9zs\u00e9gek \u00e9rintik csal\u00e1dotokat.<\/li>\n\n\n\n<li class=\"has-black-color has-text-color has-link-color wp-elements-38f40186a40c9276aaad608446c10701\">Ha biztosra menn\u00e9l, \u00e9s a sok betegesked\u00e9s, fels\u0151 l\u00e9g\u00fati nyavalya, n\u00e1tha \u00e9s egyebek ut\u00e1n szeretn\u00e9d k\u00edv\u00fclr\u0151l is t\u00e1mogatni a \u2018rendszer\u2019 m\u0171k\u00f6d\u00e9s\u00e9t.<\/li>\n<\/ul>\n\n\n\n<p class=\"has-black-color has-text-color has-link-color wp-elements-526d6cb304f8fd4b5bc8204c7de9a933\">A Te gyermeked is \u00e9rintett? Rendeld meg gyerekvitaminunkat \u00e9s \u00e9lvezd ki, hogy a kirobban\u00f3an gy\u00fcm\u00f6lcs\u00f6s \u00edz \u00e9s a k\u00f6nny\u0171 adagolhat\u00f3s\u00e1g miatt a KIDS MULTI GUMMIES gyermeked kedvence lesz!<\/p>\n\n\n\n<h3 class=\"wp-block-heading has-black-color has-text-color has-link-color wp-elements-59c52ef5c4fb553447f9e920d5ebaea2\" id=\"mit-tartalmaz-a-kids-multi-gummies-gyerekvitamin\"><strong>Mit tartalmaz a KIDS MULTI GUMMIES gyerekvitamin?<\/strong><\/h3>\n\n\n\n<p class=\"has-black-color has-text-color has-link-color wp-elements-d660b9571d2deee9ded92668996ef8e3\">A KIDS MULTI GUMMIES multivitamin gyermekeknek \u00e9trendkieg\u00e9sz\u00edt\u0151 sz\u00e1mos esszenci\u00e1lis vitamint tartalmaz a WHO \u00e1ltal feln\u0151ttek sz\u00e1m\u00e1ra optim\u00e1lisnak tartott, napi beviteli \u00e9rt\u00e9kk\u00e9nt javasolt \u2013 vagy ahhoz nagyon k\u00f6zel \u00e1ll\u00f3 \u2013&nbsp; mennyis\u00e9gben. L\u00e1ssuk, melyek ezek!<\/p>\n\n\n\n<ul class=\"wp-block-list\">\n<li class=\"has-black-color has-text-color has-link-color wp-elements-3f9058508fb9fce9fdba05fcb170ab84\">Az<strong>\u00a0A-vitamin<\/strong>, mely r\u00e9szt vesz a norm\u00e1l vas-anyagcser\u00e9ben, hozz\u00e1j\u00e1rul a ny\u00e1lkah\u00e1rty\u00e1k, a b\u0151r \u00e9s a l\u00e1t\u00e1s norm\u00e1l \u00e1llapot\u00e1nak fenntart\u00e1s\u00e1hoz, illetve az immunrendszer norm\u00e1l m\u0171k\u00f6d\u00e9s\u00e9hez. Emellett szerepet j\u00e1tszik a sejtek differenci\u00e1l\u00f3d\u00e1s\u00e1ban.<\/li>\n\n\n\n<li class=\"has-black-color has-text-color has-link-color wp-elements-a34f6c7681727b560d411b6c273e1945\">A\u00a0<strong>B2-vitamin<\/strong>, vagy m\u00e1s n\u00e9ven riboflavin, mely hozz\u00e1j\u00e1rul a sejtek oxidat\u00edv stresszel szembeni v\u00e9delm\u00e9hez, a szervezet norm\u00e1l vas-anyagcser\u00e9j\u00e9hez, az idegrendszer m\u0171k\u00f6d\u00e9s\u00e9hez, illetve a b\u0151r \u00e9s a l\u00e1t\u00e1s norm\u00e1l \u00e1llapot\u00e1nak fenntart\u00e1s\u00e1hoz.<\/li>\n\n\n\n<li class=\"has-black-color has-text-color has-link-color wp-elements-3d3c6399d6547baa33cade5c4cdbc272\">A\u00a0<strong>B3-vitamin<\/strong>, azaz niacin, mely r\u00e9szt vesz a norm\u00e1l energiatermel\u0151 anyagcsere-folyamatokban, hozz\u00e1j\u00e1rul az idegrendszer norm\u00e1l m\u0171k\u00f6d\u00e9s\u00e9hez, a f\u00e1radts\u00e1g \u00e9s a kif\u00e1rad\u00e1s cs\u00f6kkent\u00e9s\u00e9hez, a ny\u00e1lkah\u00e1rty\u00e1k \u00e9s a b\u0151r norm\u00e1l \u00e1llapot\u00e1nak fenntart\u00e1s\u00e1hoz, valamint a norm\u00e1l pszichol\u00f3giai funkci\u00f3 fenntart\u00e1s\u00e1hoz egyar\u00e1nt.<\/li>\n\n\n\n<li class=\"has-black-color has-text-color has-link-color wp-elements-493c2ed1766fd859b064fb3fe0af7e37\">A<strong>\u00a0B6-vitamin<\/strong>, vagyis a piridoxin, mely r\u00e9szt vesz a norm\u00e1l feh\u00e9rje- \u00e9s glikog\u00e9n-anyagcser\u00e9ben, hozz\u00e1j\u00e1rul a norm\u00e1l pszichol\u00f3giai funkci\u00f3 fenntart\u00e1s\u00e1hoz, illetve az immunrendszer norm\u00e1l m\u0171k\u00f6d\u00e9s\u00e9hez egyar\u00e1nt, valamint hozz\u00e1j\u00e1rul a norm\u00e1l homocisztein anyagcser\u00e9hez is. B12-vitaminnal \u00e9s C-vitaminnal kieg\u00e9sz\u00edtve fejti ki hat\u00e1s\u00e1t igaz\u00e1n eredm\u00e9nyesen.<\/li>\n\n\n\n<li class=\"has-black-color has-text-color has-link-color wp-elements-57ae11153b9b9391e0af230709936a48\">A<strong>\u00a0B12-vitamin<\/strong>, azaz kobalamin, mely r\u00e9szt vesz a norm\u00e1l energiatermel\u0151 anyagcsere-folyamatokban, hozz\u00e1j\u00e1rul az idegrendszer norm\u00e1l m\u0171k\u00f6d\u00e9s\u00e9hez, a norm\u00e1l homocisztein anyagcser\u00e9hez, a norm\u00e1l pszichol\u00f3giai funkci\u00f3 fenntart\u00e1s\u00e1hoz, a norm\u00e1l v\u00f6r\u00f6sv\u00e9rsejt-k\u00e9pz\u0151d\u00e9shez, valamint az immunrendszer norm\u00e1l m\u0171k\u00f6d\u00e9s\u00e9hez \u00e9s a f\u00e1radts\u00e1g \u00e9s a kif\u00e1rad\u00e1s cs\u00f6kkent\u00e9s\u00e9hez. Emellett szerepet j\u00e1tszik a sejtoszt\u00f3d\u00e1sban is.<\/li>\n\n\n\n<li class=\"has-black-color has-text-color has-link-color wp-elements-5e5cde96d6429d4fc406da199008be04\">A<strong>\u00a0C-vitamin<\/strong>, mely hozz\u00e1j\u00e1rul az immunrendszer norm\u00e1l m\u0171k\u00f6d\u00e9s\u00e9hez intenz\u00edv testmozg\u00e1s alatt, vagy azt k\u00f6vet\u0151en, emellett a norm\u00e1l kollag\u00e9n k\u00e9pz\u0151d\u00e9shez \u00e9s ezen kereszt\u00fcl az erek norm\u00e1l \u00e1llapot\u00e1nak, m\u0171k\u00f6d\u00e9s\u00e9nek fenntart\u00e1s\u00e1hoz, valamint a norm\u00e1l csontozat, a porcok, a fog\u00edny, a fogak, a b\u0151r norm\u00e1l \u00e1llapot\u00e1nak fenntart\u00e1s\u00e1hoz. Szerepe van tov\u00e1bb\u00e1 a norm\u00e1l energiatermel\u0151 anyagcsere-folyamatok, illetve az idegrendszer \u00e9s a norm\u00e1l pszichol\u00f3giai funkci\u00f3k norm\u00e1l \u00e1llapot\u00e1nak fenntart\u00e1s\u00e1ban. T\u00e1mogatja az immunrendszer norm\u00e1l m\u0171k\u00f6d\u00e9s\u00e9t, valamint a sejtek oxidat\u00edv stresszel szembeni v\u00e9delm\u00e9t. Mindezek mellett hozz\u00e1j\u00e1rul a f\u00e1radts\u00e1g \u00e9s a kif\u00e1rad\u00e1s cs\u00f6kkent\u00e9s\u00e9hez, illetve az E-vitamin reduk\u00e1lt form\u00e1j\u00e1nak regener\u00e1l\u00e1s\u00e1hoz. R\u00e1ad\u00e1sul fokozza a vas felsz\u00edv\u00f3d\u00e1s\u00e1t.<\/li>\n\n\n\n<li class=\"has-black-color has-text-color has-link-color wp-elements-9dc3bb242bd60987f8cb98071b18b8f2\">A\u00a0<strong>biotin<\/strong>, mely r\u00e9szt vesz a norm\u00e1l energiatermel\u0151 anyagcsere-folyamatokban, a makrot\u00e1panyagok norm\u00e1l anyagcser\u00e9j\u00e9ben, hozz\u00e1j\u00e1rul a haj, az idegrendszer, a ny\u00e1lkah\u00e1rty\u00e1k \u00e9s a b\u0151r norm\u00e1l m\u0171k\u00f6d\u00e9s\u00e9hez, valamint a norm\u00e1l pszichol\u00f3giai funkci\u00f3 fenntart\u00e1s\u00e1hoz.<\/li>\n\n\n\n<li class=\"has-black-color has-text-color has-link-color wp-elements-3e0846972a8176cb510e620de6f81ee1\">A\u00a0<strong>D-vitamin<\/strong>, mely hozz\u00e1j\u00e1rul a kalcium \u00e9s a foszfor norm\u00e1l felsz\u00edv\u00f3d\u00e1s\u00e1hoz, illetve hasznosul\u00e1s\u00e1hoz, a v\u00e9r norm\u00e1l kalciumszintj\u00e9nek fenntart\u00e1s\u00e1hoz, az eg\u00e9szs\u00e9ges csontozat \u00e9s izomfunkci\u00f3, illetve a fogazat norm\u00e1l \u00e1llapot\u00e1nak fenntart\u00e1s\u00e1hoz \u00e9s az immunrendszer norm\u00e1l m\u0171k\u00f6d\u00e9s\u00e9hez egyar\u00e1nt.<\/li>\n\n\n\n<li class=\"has-black-color has-text-color has-link-color wp-elements-c9666f0198f84547b2146b84811f0c7c\">Az<strong>\u00a0E-vitamin<\/strong>, mely hozz\u00e1j\u00e1rul a sejtek oxidat\u00edv stresszel szembeni v\u00e9delm\u00e9hez.<\/li>\n<\/ul>\n\n\n\n<p class=\"has-black-color has-text-color has-link-color wp-elements-e248836aa75e67bf7602c34ade2ff5e9\">A KIDS MULTI GUMMIES gyerekvitamin v\u00e1laszt\u00e1s\u00e1val egyetlen k\u00e9sz\u00edtm\u00e9nnyel megoldhatod a csal\u00e1dotokban \u00e9l\u0151 \u00f6sszes csemete vitaminkieg\u00e9sz\u00edt\u00e9s\u00e9t, hiszen ez a gumivitamin 4 \u00e9ves kort\u00f3l ak\u00e1r 100 \u00e9ves korig b\u00e1tran alkalmazhat\u00f3. Pr\u00f3b\u00e1lj\u00e1tok ki Ti is!<\/p>\n","protected":false},"excerpt":{"rendered":"<p>\u00cdzletes multivitamin gumipasztilla a gy\u00fcm\u00f6lcs\u00f6k term\u00e9szetes erej\u00e9vel! Tudjuk, hogy sz\u00fcl\u0151k\u00e9nt a legjobbat akarod ny\u00fajtani gyermekednek \u00e9s olyan megold\u00e1sokat keresel, melyek garant\u00e1ltan eredm\u00e9nyesek. Ha eleged van&hellip;<\/p>\n","protected":false},"author":2,"featured_media":0,"comment_status":"closed","ping_status":"closed","sticky":false,"template":"","format":"standard","meta":{"footnotes":""},"categories":[238,227],"tags":[],"class_list":["post-1152","post","type-post","status-publish","format-standard","hentry","category-usa_medical","category-vitaminok"],"yoast_head":"<!-- This site is optimized with the Yoast SEO plugin v27.4 - https:\/\/yoast.com\/product\/yoast-seo-wordpress\/ -->\n<title>Multi Gumivitamin Gyerekeknek - Herb\u00e1lkincsei<\/title>\n<meta name=\"robots\" content=\"index, follow, max-snippet:-1, max-image-preview:large, max-video-preview:-1\" \/>\n<link rel=\"canonical\" href=\"https:\/\/herbalkincsei.hu\/index.php\/2025\/02\/16\/multi-gumivitamin-gyerekeknek\/\" \/>\n<meta property=\"og:locale\" content=\"hu_HU\" \/>\n<meta property=\"og:type\" content=\"article\" \/>\n<meta property=\"og:title\" content=\"Multi Gumivitamin Gyerekeknek - Herb\u00e1lkincsei\" \/>\n<meta property=\"og:description\" content=\"\u00cdzletes multivitamin gumipasztilla a gy\u00fcm\u00f6lcs\u00f6k term\u00e9szetes erej\u00e9vel! Tudjuk, hogy sz\u00fcl\u0151k\u00e9nt a legjobbat akarod ny\u00fajtani gyermekednek \u00e9s olyan megold\u00e1sokat keresel, melyek garant\u00e1ltan eredm\u00e9nyesek. Ha eleged van&hellip;\" \/>\n<meta property=\"og:url\" content=\"https:\/\/herbalkincsei.hu\/index.php\/2025\/02\/16\/multi-gumivitamin-gyerekeknek\/\" \/>\n<meta property=\"og:site_name\" content=\"Herb\u00e1lkincsei\" \/>\n<meta property=\"article:published_time\" content=\"2025-02-16T10:33:26+00:00\" \/>\n<meta property=\"article:modified_time\" content=\"2025-02-16T10:33:30+00:00\" \/>\n<meta name=\"author\" content=\"Balog Erika\" \/>\n<meta name=\"twitter:card\" content=\"summary_large_image\" \/>\n<meta name=\"twitter:label1\" content=\"Szerz\u0151:\" \/>\n\t<meta name=\"twitter:data1\" content=\"Balog Erika\" \/>\n\t<meta name=\"twitter:label2\" content=\"Becs\u00fclt olvas\u00e1si id\u0151\" \/>\n\t<meta name=\"twitter:data2\" content=\"5 perc\" \/>\n<script type=\"application\/ld+json\" class=\"yoast-schema-graph\">{\"@context\":\"https:\\\/\\\/schema.org\",\"@graph\":[{\"@type\":\"Article\",\"@id\":\"https:\\\/\\\/herbalkincsei.hu\\\/index.php\\\/2025\\\/02\\\/16\\\/multi-gumivitamin-gyerekeknek\\\/#article\",\"isPartOf\":{\"@id\":\"https:\\\/\\\/herbalkincsei.hu\\\/index.php\\\/2025\\\/02\\\/16\\\/multi-gumivitamin-gyerekeknek\\\/\"},\"author\":{\"name\":\"Balog Erika\",\"@id\":\"https:\\\/\\\/herbalkincsei.hu\\\/#\\\/schema\\\/person\\\/8fc8f1000dff8fb074a0366b029b6c60\"},\"headline\":\"Multi Gumivitamin Gyerekeknek\",\"datePublished\":\"2025-02-16T10:33:26+00:00\",\"dateModified\":\"2025-02-16T10:33:30+00:00\",\"mainEntityOfPage\":{\"@id\":\"https:\\\/\\\/herbalkincsei.hu\\\/index.php\\\/2025\\\/02\\\/16\\\/multi-gumivitamin-gyerekeknek\\\/\"},\"wordCount\":1352,\"publisher\":{\"@id\":\"https:\\\/\\\/herbalkincsei.hu\\\/#organization\"},\"articleSection\":[\"USA medical\",\"Vitaminok\"],\"inLanguage\":\"hu\"},{\"@type\":\"WebPage\",\"@id\":\"https:\\\/\\\/herbalkincsei.hu\\\/index.php\\\/2025\\\/02\\\/16\\\/multi-gumivitamin-gyerekeknek\\\/\",\"url\":\"https:\\\/\\\/herbalkincsei.hu\\\/index.php\\\/2025\\\/02\\\/16\\\/multi-gumivitamin-gyerekeknek\\\/\",\"name\":\"Multi Gumivitamin Gyerekeknek - Herb\u00e1lkincsei\",\"isPartOf\":{\"@id\":\"https:\\\/\\\/herbalkincsei.hu\\\/#website\"},\"datePublished\":\"2025-02-16T10:33:26+00:00\",\"dateModified\":\"2025-02-16T10:33:30+00:00\",\"breadcrumb\":{\"@id\":\"https:\\\/\\\/herbalkincsei.hu\\\/index.php\\\/2025\\\/02\\\/16\\\/multi-gumivitamin-gyerekeknek\\\/#breadcrumb\"},\"inLanguage\":\"hu\",\"potentialAction\":[{\"@type\":\"ReadAction\",\"target\":[\"https:\\\/\\\/herbalkincsei.hu\\\/index.php\\\/2025\\\/02\\\/16\\\/multi-gumivitamin-gyerekeknek\\\/\"]}]},{\"@type\":\"BreadcrumbList\",\"@id\":\"https:\\\/\\\/herbalkincsei.hu\\\/index.php\\\/2025\\\/02\\\/16\\\/multi-gumivitamin-gyerekeknek\\\/#breadcrumb\",\"itemListElement\":[{\"@type\":\"ListItem\",\"position\":1,\"name\":\"Kezd\u0151lap\",\"item\":\"https:\\\/\\\/herbalkincsei.hu\\\/\"},{\"@type\":\"ListItem\",\"position\":2,\"name\":\"Multi Gumivitamin Gyerekeknek\"}]},{\"@type\":\"WebSite\",\"@id\":\"https:\\\/\\\/herbalkincsei.hu\\\/#website\",\"url\":\"https:\\\/\\\/herbalkincsei.hu\\\/\",\"name\":\"herbalkincsei.hu\",\"description\":\"Ahol az eg\u00e9szs\u00e9g a c\u00e9l.\",\"publisher\":{\"@id\":\"https:\\\/\\\/herbalkincsei.hu\\\/#organization\"},\"potentialAction\":[{\"@type\":\"SearchAction\",\"target\":{\"@type\":\"EntryPoint\",\"urlTemplate\":\"https:\\\/\\\/herbalkincsei.hu\\\/?s={search_term_string}\"},\"query-input\":{\"@type\":\"PropertyValueSpecification\",\"valueRequired\":true,\"valueName\":\"search_term_string\"}}],\"inLanguage\":\"hu\"},{\"@type\":\"Organization\",\"@id\":\"https:\\\/\\\/herbalkincsei.hu\\\/#organization\",\"name\":\"Herb\u00e1lkincsei\",\"url\":\"https:\\\/\\\/herbalkincsei.hu\\\/\",\"logo\":{\"@type\":\"ImageObject\",\"inLanguage\":\"hu\",\"@id\":\"https:\\\/\\\/herbalkincsei.hu\\\/#\\\/schema\\\/logo\\\/image\\\/\",\"url\":\"https:\\\/\\\/herbalkincsei.hu\\\/wp-content\\\/uploads\\\/2024\\\/02\\\/cropped-Green-Leaf-Aromatherapy-Logo-400-\u00d7-135-keppont.png?wsr\",\"contentUrl\":\"https:\\\/\\\/herbalkincsei.hu\\\/wp-content\\\/uploads\\\/2024\\\/02\\\/cropped-Green-Leaf-Aromatherapy-Logo-400-\u00d7-135-keppont.png?wsr\",\"width\":400,\"height\":135,\"caption\":\"Herb\u00e1lkincsei\"},\"image\":{\"@id\":\"https:\\\/\\\/herbalkincsei.hu\\\/#\\\/schema\\\/logo\\\/image\\\/\"}},{\"@type\":\"Person\",\"@id\":\"https:\\\/\\\/herbalkincsei.hu\\\/#\\\/schema\\\/person\\\/8fc8f1000dff8fb074a0366b029b6c60\",\"name\":\"Balog Erika\",\"image\":{\"@type\":\"ImageObject\",\"inLanguage\":\"hu\",\"@id\":\"https:\\\/\\\/secure.gravatar.com\\\/avatar\\\/3efdbd931cc33d8dfe7964468ff9e99477ed718a225334346935d7b242ebca1d?s=96&d=mm&r=g\",\"url\":\"https:\\\/\\\/secure.gravatar.com\\\/avatar\\\/3efdbd931cc33d8dfe7964468ff9e99477ed718a225334346935d7b242ebca1d?s=96&d=mm&r=g\",\"contentUrl\":\"https:\\\/\\\/secure.gravatar.com\\\/avatar\\\/3efdbd931cc33d8dfe7964468ff9e99477ed718a225334346935d7b242ebca1d?s=96&d=mm&r=g\",\"caption\":\"Balog Erika\"},\"sameAs\":[\"http:\\\/\\\/herbalkincsei.hu\"],\"url\":\"https:\\\/\\\/herbalkincsei.hu\\\/index.php\\\/author\\\/erika1977\\\/\"}]}<\/script>\n<!-- \/ Yoast SEO plugin. -->","yoast_head_json":{"title":"Multi Gumivitamin Gyerekeknek - Herb\u00e1lkincsei","robots":{"index":"index","follow":"follow","max-snippet":"max-snippet:-1","max-image-preview":"max-image-preview:large","max-video-preview":"max-video-preview:-1"},"canonical":"https:\/\/herbalkincsei.hu\/index.php\/2025\/02\/16\/multi-gumivitamin-gyerekeknek\/","og_locale":"hu_HU","og_type":"article","og_title":"Multi Gumivitamin Gyerekeknek - Herb\u00e1lkincsei","og_description":"\u00cdzletes multivitamin gumipasztilla a gy\u00fcm\u00f6lcs\u00f6k term\u00e9szetes erej\u00e9vel! Tudjuk, hogy sz\u00fcl\u0151k\u00e9nt a legjobbat akarod ny\u00fajtani gyermekednek \u00e9s olyan megold\u00e1sokat keresel, melyek garant\u00e1ltan eredm\u00e9nyesek. Ha eleged van&hellip;","og_url":"https:\/\/herbalkincsei.hu\/index.php\/2025\/02\/16\/multi-gumivitamin-gyerekeknek\/","og_site_name":"Herb\u00e1lkincsei","article_published_time":"2025-02-16T10:33:26+00:00","article_modified_time":"2025-02-16T10:33:30+00:00","author":"Balog Erika","twitter_card":"summary_large_image","twitter_misc":{"Szerz\u0151:":"Balog Erika","Becs\u00fclt olvas\u00e1si id\u0151":"5 perc"},"schema":{"@context":"https:\/\/schema.org","@graph":[{"@type":"Article","@id":"https:\/\/herbalkincsei.hu\/index.php\/2025\/02\/16\/multi-gumivitamin-gyerekeknek\/#article","isPartOf":{"@id":"https:\/\/herbalkincsei.hu\/index.php\/2025\/02\/16\/multi-gumivitamin-gyerekeknek\/"},"author":{"name":"Balog Erika","@id":"https:\/\/herbalkincsei.hu\/#\/schema\/person\/8fc8f1000dff8fb074a0366b029b6c60"},"headline":"Multi Gumivitamin Gyerekeknek","datePublished":"2025-02-16T10:33:26+00:00","dateModified":"2025-02-16T10:33:30+00:00","mainEntityOfPage":{"@id":"https:\/\/herbalkincsei.hu\/index.php\/2025\/02\/16\/multi-gumivitamin-gyerekeknek\/"},"wordCount":1352,"publisher":{"@id":"https:\/\/herbalkincsei.hu\/#organization"},"articleSection":["USA medical","Vitaminok"],"inLanguage":"hu"},{"@type":"WebPage","@id":"https:\/\/herbalkincsei.hu\/index.php\/2025\/02\/16\/multi-gumivitamin-gyerekeknek\/","url":"https:\/\/herbalkincsei.hu\/index.php\/2025\/02\/16\/multi-gumivitamin-gyerekeknek\/","name":"Multi Gumivitamin Gyerekeknek - Herb\u00e1lkincsei","isPartOf":{"@id":"https:\/\/herbalkincsei.hu\/#website"},"datePublished":"2025-02-16T10:33:26+00:00","dateModified":"2025-02-16T10:33:30+00:00","breadcrumb":{"@id":"https:\/\/herbalkincsei.hu\/index.php\/2025\/02\/16\/multi-gumivitamin-gyerekeknek\/#breadcrumb"},"inLanguage":"hu","potentialAction":[{"@type":"ReadAction","target":["https:\/\/herbalkincsei.hu\/index.php\/2025\/02\/16\/multi-gumivitamin-gyerekeknek\/"]}]},{"@type":"BreadcrumbList","@id":"https:\/\/herbalkincsei.hu\/index.php\/2025\/02\/16\/multi-gumivitamin-gyerekeknek\/#breadcrumb","itemListElement":[{"@type":"ListItem","position":1,"name":"Kezd\u0151lap","item":"https:\/\/herbalkincsei.hu\/"},{"@type":"ListItem","position":2,"name":"Multi Gumivitamin Gyerekeknek"}]},{"@type":"WebSite","@id":"https:\/\/herbalkincsei.hu\/#website","url":"https:\/\/herbalkincsei.hu\/","name":"herbalkincsei.hu","description":"Ahol az eg\u00e9szs\u00e9g a c\u00e9l.","publisher":{"@id":"https:\/\/herbalkincsei.hu\/#organization"},"potentialAction":[{"@type":"SearchAction","target":{"@type":"EntryPoint","urlTemplate":"https:\/\/herbalkincsei.hu\/?s={search_term_string}"},"query-input":{"@type":"PropertyValueSpecification","valueRequired":true,"valueName":"search_term_string"}}],"inLanguage":"hu"},{"@type":"Organization","@id":"https:\/\/herbalkincsei.hu\/#organization","name":"Herb\u00e1lkincsei","url":"https:\/\/herbalkincsei.hu\/","logo":{"@type":"ImageObject","inLanguage":"hu","@id":"https:\/\/herbalkincsei.hu\/#\/schema\/logo\/image\/","url":"https:\/\/herbalkincsei.hu\/wp-content\/uploads\/2024\/02\/cropped-Green-Leaf-Aromatherapy-Logo-400-\u00d7-135-keppont.png?wsr","contentUrl":"https:\/\/herbalkincsei.hu\/wp-content\/uploads\/2024\/02\/cropped-Green-Leaf-Aromatherapy-Logo-400-\u00d7-135-keppont.png?wsr","width":400,"height":135,"caption":"Herb\u00e1lkincsei"},"image":{"@id":"https:\/\/herbalkincsei.hu\/#\/schema\/logo\/image\/"}},{"@type":"Person","@id":"https:\/\/herbalkincsei.hu\/#\/schema\/person\/8fc8f1000dff8fb074a0366b029b6c60","name":"Balog Erika","image":{"@type":"ImageObject","inLanguage":"hu","@id":"https:\/\/secure.gravatar.com\/avatar\/3efdbd931cc33d8dfe7964468ff9e99477ed718a225334346935d7b242ebca1d?s=96&d=mm&r=g","url":"https:\/\/secure.gravatar.com\/avatar\/3efdbd931cc33d8dfe7964468ff9e99477ed718a225334346935d7b242ebca1d?s=96&d=mm&r=g","contentUrl":"https:\/\/secure.gravatar.com\/avatar\/3efdbd931cc33d8dfe7964468ff9e99477ed718a225334346935d7b242ebca1d?s=96&d=mm&r=g","caption":"Balog Erika"},"sameAs":["http:\/\/herbalkincsei.hu"],"url":"https:\/\/herbalkincsei.hu\/index.php\/author\/erika1977\/"}]}},"_links":{"self":[{"href":"https:\/\/herbalkincsei.hu\/index.php\/wp-json\/wp\/v2\/posts\/1152","targetHints":{"allow":["GET"]}}],"collection":[{"href":"https:\/\/herbalkincsei.hu\/index.php\/wp-json\/wp\/v2\/posts"}],"about":[{"href":"https:\/\/herbalkincsei.hu\/index.php\/wp-json\/wp\/v2\/types\/post"}],"author":[{"embeddable":true,"href":"https:\/\/herbalkincsei.hu\/index.php\/wp-json\/wp\/v2\/users\/2"}],"replies":[{"embeddable":true,"href":"https:\/\/herbalkincsei.hu\/index.php\/wp-json\/wp\/v2\/comments?post=1152"}],"version-history":[{"count":1,"href":"https:\/\/herbalkincsei.hu\/index.php\/wp-json\/wp\/v2\/posts\/1152\/revisions"}],"predecessor-version":[{"id":1153,"href":"https:\/\/herbalkincsei.hu\/index.php\/wp-json\/wp\/v2\/posts\/1152\/revisions\/1153"}],"wp:attachment":[{"href":"https:\/\/herbalkincsei.hu\/index.php\/wp-json\/wp\/v2\/media?parent=1152"}],"wp:term":[{"taxonomy":"category","embeddable":true,"href":"https:\/\/herbalkincsei.hu\/index.php\/wp-json\/wp\/v2\/categories?post=1152"},{"taxonomy":"post_tag","embeddable":true,"href":"https:\/\/herbalkincsei.hu\/index.php\/wp-json\/wp\/v2\/tags?post=1152"}],"curies":[{"name":"wp","href":"https:\/\/api.w.org\/{rel}","templated":true}]}}