{"id":1136,"date":"2025-02-16T10:58:07","date_gmt":"2025-02-16T09:58:07","guid":{"rendered":"https:\/\/herbalkincsei.hu\/?p=1136"},"modified":"2025-02-16T11:06:13","modified_gmt":"2025-02-16T10:06:13","slug":"miert-pont-a-fittprotein-kollagent-valasszam","status":"publish","type":"post","link":"https:\/\/herbalkincsei.hu\/index.php\/2025\/02\/16\/miert-pont-a-fittprotein-kollagent-valasszam\/","title":{"rendered":"Mi\u00e9rt pont a Fittprotein Kollag\u00e9nt v\u00e1lasszam?"},"content":{"rendered":"\n<p class=\"has-black-color has-text-color has-link-color wp-elements-90e11c2f85b7c8b2853f7dd63c8edb90\">Nem kell k\u00fcl\u00f6n c-vitaminra is k\u00f6ltened, hiszen a term\u00e9k kiemelked\u0151en nagy mennyis\u00e9gben (500mg\/ napi adag) tartalmaz c-vitamint. <br>A benne tal\u00e1lhat\u00f3 Q10 gyors\u00edthatja a sejtmeg\u00fajul\u00e1st \u00e9s lehets\u00e9ges antioxid\u00e1ns hat\u00e1s\u00e1nak k\u00f6sz\u00f6nhet\u0151en fontos szerepe lehet az \u00f6reged\u00e9s lass\u00edt\u00e1s\u00e1ban is. <br>Tov\u00e1bb\u00e1 a Q10 seg\u00edthet legy\u0171rni a f\u00e1radts\u00e1got \u00e9s a c-vitaminnal kar\u00f6ltve t\u00e1mogathatj\u00e1k az immunrendszert. <br>A C-vitamin hozz\u00e1j\u00e1rul az immunrendszer norm\u00e1l m\u0171k\u00f6d\u00e9s\u00e9hez intenz\u00edv testmozg\u00e1s alatt vagy azt k\u00f6vet\u0151en. <br>Ez a kedvez\u0151 hat\u00e1s 200 mg C-vitamin napi bevitel\u00e9vel \u00e9rhet\u0151 el az aj\u00e1nlott napi C-vitaminbevitelen t\u00fal. <br>Ezt a c-vitamin mennyis\u00e9get a Fittprotein Collagen C+Q10 b\u0151ven fedezi. <br>Mert ez egy komplex term\u00e9k, a sz\u00e9ps\u00e9giparban j\u00f3l ismert \u00e9s bev\u00e1lt \u00f6sszetev\u0151kkel.<\/p>\n\n\n\n<p class=\"has-black-color has-text-color has-link-color wp-elements-df87f8dcd33aa11faa9df60383ede453\"><strong>Kollag\u00e9n a porcok regener\u00e1l\u00f3d\u00e1s\u00e1\u00e9rt?<\/strong><\/p>\n\n\n\n<p class=\"has-black-color has-text-color has-link-color wp-elements-40e870f2fe8119d4edcc66aef35a266c\">A kollag\u00e9n olyan k\u00f6t\u0151sz\u00f6vetet alkot, mely a v\u00edzmegk\u00f6t\u0151 k\u00e9pess\u00e9g\u00e9vel biztos\u00edthatja a porc rugalmass\u00e1g\u00e1t, ez\u00e1ltal v\u00e9dheti az \u00edz\u00fcletet a gyullad\u00e1s ellen. A porcok tudnak regener\u00e1l\u00f3dni, azonban ha ehhez nem \u00e1ll rendelkez\u00e9sre megfelel\u0151 mennyis\u00e9g\u0171 t\u00e1panyag, akkor cs\u00f6kken a sz\u00f6vet szil\u00e1rds\u00e1ga. Akt\u00edv sportol\u00f3kon 24 h\u00e9ten \u00e1t tesztelt\u00e9k a kollag\u00e9n kieg\u00e9sz\u00edt\u0151 hat\u00e1s\u00e1t, \u00e9s arra jutottak, hogy az \u00edz\u00fcleti f\u00e1jdalom terhel\u00e9s alatt \u00e9s nyugalmi helyzetben is cs\u00f6kkent, illetve megsz\u0171nt. forr\u00e1s (Clark et al. 2008) A Fittprotein Collagen C+Q10-hez napi adagonk\u00e9nt 500mg c-vitamint adtunk. Nem v\u00e9letlen! A c-vitamin hozz\u00e1j\u00e1rul a norm\u00e1l kollag\u00e9n k\u00e9pz\u0151d\u00e9shez \u00e9s ezen kereszt\u00fcl a porcok norm\u00e1l \u00e1llapot\u00e1nak, m\u0171k\u00f6d\u00e9s\u00e9nek fenntart\u00e1s\u00e1hoz.<\/p>\n\n\n\n<p class=\"has-black-color has-text-color has-link-color wp-elements-715aab6c2b6a2194065c841f69f147a1\"><strong>Kollag\u00e9n a csontritkul\u00e1s ellen?<\/strong><\/p>\n\n\n\n<p class=\"has-black-color has-text-color has-link-color wp-elements-41206c36f5d48a26ecf57d2f961f4507\">Sajnos a h\u00f6lgyekn\u00e9l el\u00e9g gyakori a csontritkul\u00e1s. A Fittprotein Collagen C+Q10-et kifejezetten n\u0151k sz\u00e1m\u00e1ra \u00e1lmodtuk meg. A term\u00e9kben tal\u00e1lhat\u00f3 c-vitamin hozz\u00e1j\u00e1rul a norm\u00e1l kollag\u00e9nk\u00e9pz\u0151d\u00e9shez \u00e9s ezen kereszt\u00fcl a norm\u00e1l csontozat fenntart\u00e1s\u00e1hoz.<\/p>\n\n\n\n<p class=\"has-black-color has-text-color has-link-color wp-elements-28d1b616eade6693a4e04775b29a74a0\"><strong>C-vitamin a hat\u00e9kony immunrendszer\u00e9rt?<\/strong><\/p>\n\n\n\n<p class=\"has-black-color has-text-color has-link-color wp-elements-e468ea55d27a780ad3546b76b93382bc\">A C-vitaminnak sz\u00e1mos j\u00f3t\u00e9kony hat\u00e1sa ismert. T\u00f6bbek k\u00f6z\u00f6tt a C-vitamin hozz\u00e1j\u00e1rul az immunrendszer norm\u00e1l m\u0171k\u00f6d\u00e9s\u00e9hez. A term\u00e9k napi adag 1600 mg kollag\u00e9nt tartalmaz. A kollag\u00e9n megtal\u00e1lhat\u00f3 a belek k\u00f6t\u0151sz\u00f6vet\u00e9ben is \u00e9s az em\u00e9szt\u0151szervek v\u00e9delmi feladatainak ell\u00e1t\u00e1s\u00e1hoz is n\u00e9lk\u00fcl\u00f6zhetetlen. Az immunrendszer\u00fcnk er\u0151ss\u00e9g\u00e9nek nagy r\u00e9sze b\u00e9lrendszerb\u0151l ered. Els\u0151sorban a b\u00e9lfl\u00f3r\u00e1nk az, ami megv\u00e9d minket a bakt\u00e9riumokt\u00f3l \u00e9s a v\u00edrusokt\u00f3l, \u00edgy az er\u0151s\u00edt\u00e9se j\u00f3t\u00e9konyan hathat sz\u00e1munkra. C-vitaminnal felturb\u00f3zva!<\/p>\n","protected":false},"excerpt":{"rendered":"<p>Nem kell k\u00fcl\u00f6n c-vitaminra is k\u00f6ltened, hiszen a term\u00e9k kiemelked\u0151en nagy mennyis\u00e9gben (500mg\/ napi adag) tartalmaz c-vitamint. A benne tal\u00e1lhat\u00f3 Q10 gyors\u00edthatja a sejtmeg\u00fajul\u00e1st \u00e9s&hellip;<\/p>\n","protected":false},"author":2,"featured_media":0,"comment_status":"closed","ping_status":"closed","sticky":false,"template":"","format":"standard","meta":{"footnotes":""},"categories":[233,232],"tags":[],"class_list":["post-1136","post","type-post","status-publish","format-standard","hentry","category-fittprotein","category-kollagen"],"yoast_head":"<!-- This site is optimized with the Yoast SEO plugin v27.4 - https:\/\/yoast.com\/product\/yoast-seo-wordpress\/ -->\n<title>Mi\u00e9rt pont a Fittprotein Kollag\u00e9nt v\u00e1lasszam? - Herb\u00e1lkincsei<\/title>\n<meta name=\"robots\" content=\"index, follow, max-snippet:-1, max-image-preview:large, max-video-preview:-1\" \/>\n<link rel=\"canonical\" href=\"https:\/\/herbalkincsei.hu\/index.php\/2025\/02\/16\/miert-pont-a-fittprotein-kollagent-valasszam\/\" \/>\n<meta property=\"og:locale\" content=\"hu_HU\" \/>\n<meta property=\"og:type\" content=\"article\" \/>\n<meta property=\"og:title\" content=\"Mi\u00e9rt pont a Fittprotein Kollag\u00e9nt v\u00e1lasszam? - Herb\u00e1lkincsei\" \/>\n<meta property=\"og:description\" content=\"Nem kell k\u00fcl\u00f6n c-vitaminra is k\u00f6ltened, hiszen a term\u00e9k kiemelked\u0151en nagy mennyis\u00e9gben (500mg\/ napi adag) tartalmaz c-vitamint. A benne tal\u00e1lhat\u00f3 Q10 gyors\u00edthatja a sejtmeg\u00fajul\u00e1st \u00e9s&hellip;\" \/>\n<meta property=\"og:url\" content=\"https:\/\/herbalkincsei.hu\/index.php\/2025\/02\/16\/miert-pont-a-fittprotein-kollagent-valasszam\/\" \/>\n<meta property=\"og:site_name\" content=\"Herb\u00e1lkincsei\" \/>\n<meta property=\"article:published_time\" content=\"2025-02-16T09:58:07+00:00\" \/>\n<meta property=\"article:modified_time\" content=\"2025-02-16T10:06:13+00:00\" \/>\n<meta name=\"author\" content=\"Balog Erika\" \/>\n<meta name=\"twitter:card\" content=\"summary_large_image\" \/>\n<meta name=\"twitter:label1\" content=\"Szerz\u0151:\" \/>\n\t<meta name=\"twitter:data1\" content=\"Balog Erika\" \/>\n\t<meta name=\"twitter:label2\" content=\"Becs\u00fclt olvas\u00e1si id\u0151\" \/>\n\t<meta name=\"twitter:data2\" content=\"2 perc\" \/>\n<script type=\"application\/ld+json\" class=\"yoast-schema-graph\">{\"@context\":\"https:\\\/\\\/schema.org\",\"@graph\":[{\"@type\":\"Article\",\"@id\":\"https:\\\/\\\/herbalkincsei.hu\\\/index.php\\\/2025\\\/02\\\/16\\\/miert-pont-a-fittprotein-kollagent-valasszam\\\/#article\",\"isPartOf\":{\"@id\":\"https:\\\/\\\/herbalkincsei.hu\\\/index.php\\\/2025\\\/02\\\/16\\\/miert-pont-a-fittprotein-kollagent-valasszam\\\/\"},\"author\":{\"name\":\"Balog Erika\",\"@id\":\"https:\\\/\\\/herbalkincsei.hu\\\/#\\\/schema\\\/person\\\/8fc8f1000dff8fb074a0366b029b6c60\"},\"headline\":\"Mi\u00e9rt pont a Fittprotein Kollag\u00e9nt v\u00e1lasszam?\",\"datePublished\":\"2025-02-16T09:58:07+00:00\",\"dateModified\":\"2025-02-16T10:06:13+00:00\",\"mainEntityOfPage\":{\"@id\":\"https:\\\/\\\/herbalkincsei.hu\\\/index.php\\\/2025\\\/02\\\/16\\\/miert-pont-a-fittprotein-kollagent-valasszam\\\/\"},\"wordCount\":508,\"publisher\":{\"@id\":\"https:\\\/\\\/herbalkincsei.hu\\\/#organization\"},\"articleSection\":[\"Fittprotein\",\"Kollag\u00e9n\"],\"inLanguage\":\"hu\"},{\"@type\":\"WebPage\",\"@id\":\"https:\\\/\\\/herbalkincsei.hu\\\/index.php\\\/2025\\\/02\\\/16\\\/miert-pont-a-fittprotein-kollagent-valasszam\\\/\",\"url\":\"https:\\\/\\\/herbalkincsei.hu\\\/index.php\\\/2025\\\/02\\\/16\\\/miert-pont-a-fittprotein-kollagent-valasszam\\\/\",\"name\":\"Mi\u00e9rt pont a Fittprotein Kollag\u00e9nt v\u00e1lasszam? - Herb\u00e1lkincsei\",\"isPartOf\":{\"@id\":\"https:\\\/\\\/herbalkincsei.hu\\\/#website\"},\"datePublished\":\"2025-02-16T09:58:07+00:00\",\"dateModified\":\"2025-02-16T10:06:13+00:00\",\"breadcrumb\":{\"@id\":\"https:\\\/\\\/herbalkincsei.hu\\\/index.php\\\/2025\\\/02\\\/16\\\/miert-pont-a-fittprotein-kollagent-valasszam\\\/#breadcrumb\"},\"inLanguage\":\"hu\",\"potentialAction\":[{\"@type\":\"ReadAction\",\"target\":[\"https:\\\/\\\/herbalkincsei.hu\\\/index.php\\\/2025\\\/02\\\/16\\\/miert-pont-a-fittprotein-kollagent-valasszam\\\/\"]}]},{\"@type\":\"BreadcrumbList\",\"@id\":\"https:\\\/\\\/herbalkincsei.hu\\\/index.php\\\/2025\\\/02\\\/16\\\/miert-pont-a-fittprotein-kollagent-valasszam\\\/#breadcrumb\",\"itemListElement\":[{\"@type\":\"ListItem\",\"position\":1,\"name\":\"Kezd\u0151lap\",\"item\":\"https:\\\/\\\/herbalkincsei.hu\\\/\"},{\"@type\":\"ListItem\",\"position\":2,\"name\":\"Mi\u00e9rt pont a Fittprotein Kollag\u00e9nt v\u00e1lasszam?\"}]},{\"@type\":\"WebSite\",\"@id\":\"https:\\\/\\\/herbalkincsei.hu\\\/#website\",\"url\":\"https:\\\/\\\/herbalkincsei.hu\\\/\",\"name\":\"herbalkincsei.hu\",\"description\":\"Ahol az eg\u00e9szs\u00e9g a c\u00e9l.\",\"publisher\":{\"@id\":\"https:\\\/\\\/herbalkincsei.hu\\\/#organization\"},\"potentialAction\":[{\"@type\":\"SearchAction\",\"target\":{\"@type\":\"EntryPoint\",\"urlTemplate\":\"https:\\\/\\\/herbalkincsei.hu\\\/?s={search_term_string}\"},\"query-input\":{\"@type\":\"PropertyValueSpecification\",\"valueRequired\":true,\"valueName\":\"search_term_string\"}}],\"inLanguage\":\"hu\"},{\"@type\":\"Organization\",\"@id\":\"https:\\\/\\\/herbalkincsei.hu\\\/#organization\",\"name\":\"Herb\u00e1lkincsei\",\"url\":\"https:\\\/\\\/herbalkincsei.hu\\\/\",\"logo\":{\"@type\":\"ImageObject\",\"inLanguage\":\"hu\",\"@id\":\"https:\\\/\\\/herbalkincsei.hu\\\/#\\\/schema\\\/logo\\\/image\\\/\",\"url\":\"https:\\\/\\\/herbalkincsei.hu\\\/wp-content\\\/uploads\\\/2024\\\/02\\\/cropped-Green-Leaf-Aromatherapy-Logo-400-\u00d7-135-keppont.png?wsr\",\"contentUrl\":\"https:\\\/\\\/herbalkincsei.hu\\\/wp-content\\\/uploads\\\/2024\\\/02\\\/cropped-Green-Leaf-Aromatherapy-Logo-400-\u00d7-135-keppont.png?wsr\",\"width\":400,\"height\":135,\"caption\":\"Herb\u00e1lkincsei\"},\"image\":{\"@id\":\"https:\\\/\\\/herbalkincsei.hu\\\/#\\\/schema\\\/logo\\\/image\\\/\"}},{\"@type\":\"Person\",\"@id\":\"https:\\\/\\\/herbalkincsei.hu\\\/#\\\/schema\\\/person\\\/8fc8f1000dff8fb074a0366b029b6c60\",\"name\":\"Balog Erika\",\"image\":{\"@type\":\"ImageObject\",\"inLanguage\":\"hu\",\"@id\":\"https:\\\/\\\/secure.gravatar.com\\\/avatar\\\/3efdbd931cc33d8dfe7964468ff9e99477ed718a225334346935d7b242ebca1d?s=96&d=mm&r=g\",\"url\":\"https:\\\/\\\/secure.gravatar.com\\\/avatar\\\/3efdbd931cc33d8dfe7964468ff9e99477ed718a225334346935d7b242ebca1d?s=96&d=mm&r=g\",\"contentUrl\":\"https:\\\/\\\/secure.gravatar.com\\\/avatar\\\/3efdbd931cc33d8dfe7964468ff9e99477ed718a225334346935d7b242ebca1d?s=96&d=mm&r=g\",\"caption\":\"Balog Erika\"},\"sameAs\":[\"http:\\\/\\\/herbalkincsei.hu\"],\"url\":\"https:\\\/\\\/herbalkincsei.hu\\\/index.php\\\/author\\\/erika1977\\\/\"}]}<\/script>\n<!-- \/ Yoast SEO plugin. -->","yoast_head_json":{"title":"Mi\u00e9rt pont a Fittprotein Kollag\u00e9nt v\u00e1lasszam? - Herb\u00e1lkincsei","robots":{"index":"index","follow":"follow","max-snippet":"max-snippet:-1","max-image-preview":"max-image-preview:large","max-video-preview":"max-video-preview:-1"},"canonical":"https:\/\/herbalkincsei.hu\/index.php\/2025\/02\/16\/miert-pont-a-fittprotein-kollagent-valasszam\/","og_locale":"hu_HU","og_type":"article","og_title":"Mi\u00e9rt pont a Fittprotein Kollag\u00e9nt v\u00e1lasszam? - Herb\u00e1lkincsei","og_description":"Nem kell k\u00fcl\u00f6n c-vitaminra is k\u00f6ltened, hiszen a term\u00e9k kiemelked\u0151en nagy mennyis\u00e9gben (500mg\/ napi adag) tartalmaz c-vitamint. A benne tal\u00e1lhat\u00f3 Q10 gyors\u00edthatja a sejtmeg\u00fajul\u00e1st \u00e9s&hellip;","og_url":"https:\/\/herbalkincsei.hu\/index.php\/2025\/02\/16\/miert-pont-a-fittprotein-kollagent-valasszam\/","og_site_name":"Herb\u00e1lkincsei","article_published_time":"2025-02-16T09:58:07+00:00","article_modified_time":"2025-02-16T10:06:13+00:00","author":"Balog Erika","twitter_card":"summary_large_image","twitter_misc":{"Szerz\u0151:":"Balog Erika","Becs\u00fclt olvas\u00e1si id\u0151":"2 perc"},"schema":{"@context":"https:\/\/schema.org","@graph":[{"@type":"Article","@id":"https:\/\/herbalkincsei.hu\/index.php\/2025\/02\/16\/miert-pont-a-fittprotein-kollagent-valasszam\/#article","isPartOf":{"@id":"https:\/\/herbalkincsei.hu\/index.php\/2025\/02\/16\/miert-pont-a-fittprotein-kollagent-valasszam\/"},"author":{"name":"Balog Erika","@id":"https:\/\/herbalkincsei.hu\/#\/schema\/person\/8fc8f1000dff8fb074a0366b029b6c60"},"headline":"Mi\u00e9rt pont a Fittprotein Kollag\u00e9nt v\u00e1lasszam?","datePublished":"2025-02-16T09:58:07+00:00","dateModified":"2025-02-16T10:06:13+00:00","mainEntityOfPage":{"@id":"https:\/\/herbalkincsei.hu\/index.php\/2025\/02\/16\/miert-pont-a-fittprotein-kollagent-valasszam\/"},"wordCount":508,"publisher":{"@id":"https:\/\/herbalkincsei.hu\/#organization"},"articleSection":["Fittprotein","Kollag\u00e9n"],"inLanguage":"hu"},{"@type":"WebPage","@id":"https:\/\/herbalkincsei.hu\/index.php\/2025\/02\/16\/miert-pont-a-fittprotein-kollagent-valasszam\/","url":"https:\/\/herbalkincsei.hu\/index.php\/2025\/02\/16\/miert-pont-a-fittprotein-kollagent-valasszam\/","name":"Mi\u00e9rt pont a Fittprotein Kollag\u00e9nt v\u00e1lasszam? - Herb\u00e1lkincsei","isPartOf":{"@id":"https:\/\/herbalkincsei.hu\/#website"},"datePublished":"2025-02-16T09:58:07+00:00","dateModified":"2025-02-16T10:06:13+00:00","breadcrumb":{"@id":"https:\/\/herbalkincsei.hu\/index.php\/2025\/02\/16\/miert-pont-a-fittprotein-kollagent-valasszam\/#breadcrumb"},"inLanguage":"hu","potentialAction":[{"@type":"ReadAction","target":["https:\/\/herbalkincsei.hu\/index.php\/2025\/02\/16\/miert-pont-a-fittprotein-kollagent-valasszam\/"]}]},{"@type":"BreadcrumbList","@id":"https:\/\/herbalkincsei.hu\/index.php\/2025\/02\/16\/miert-pont-a-fittprotein-kollagent-valasszam\/#breadcrumb","itemListElement":[{"@type":"ListItem","position":1,"name":"Kezd\u0151lap","item":"https:\/\/herbalkincsei.hu\/"},{"@type":"ListItem","position":2,"name":"Mi\u00e9rt pont a Fittprotein Kollag\u00e9nt v\u00e1lasszam?"}]},{"@type":"WebSite","@id":"https:\/\/herbalkincsei.hu\/#website","url":"https:\/\/herbalkincsei.hu\/","name":"herbalkincsei.hu","description":"Ahol az eg\u00e9szs\u00e9g a c\u00e9l.","publisher":{"@id":"https:\/\/herbalkincsei.hu\/#organization"},"potentialAction":[{"@type":"SearchAction","target":{"@type":"EntryPoint","urlTemplate":"https:\/\/herbalkincsei.hu\/?s={search_term_string}"},"query-input":{"@type":"PropertyValueSpecification","valueRequired":true,"valueName":"search_term_string"}}],"inLanguage":"hu"},{"@type":"Organization","@id":"https:\/\/herbalkincsei.hu\/#organization","name":"Herb\u00e1lkincsei","url":"https:\/\/herbalkincsei.hu\/","logo":{"@type":"ImageObject","inLanguage":"hu","@id":"https:\/\/herbalkincsei.hu\/#\/schema\/logo\/image\/","url":"https:\/\/herbalkincsei.hu\/wp-content\/uploads\/2024\/02\/cropped-Green-Leaf-Aromatherapy-Logo-400-\u00d7-135-keppont.png?wsr","contentUrl":"https:\/\/herbalkincsei.hu\/wp-content\/uploads\/2024\/02\/cropped-Green-Leaf-Aromatherapy-Logo-400-\u00d7-135-keppont.png?wsr","width":400,"height":135,"caption":"Herb\u00e1lkincsei"},"image":{"@id":"https:\/\/herbalkincsei.hu\/#\/schema\/logo\/image\/"}},{"@type":"Person","@id":"https:\/\/herbalkincsei.hu\/#\/schema\/person\/8fc8f1000dff8fb074a0366b029b6c60","name":"Balog Erika","image":{"@type":"ImageObject","inLanguage":"hu","@id":"https:\/\/secure.gravatar.com\/avatar\/3efdbd931cc33d8dfe7964468ff9e99477ed718a225334346935d7b242ebca1d?s=96&d=mm&r=g","url":"https:\/\/secure.gravatar.com\/avatar\/3efdbd931cc33d8dfe7964468ff9e99477ed718a225334346935d7b242ebca1d?s=96&d=mm&r=g","contentUrl":"https:\/\/secure.gravatar.com\/avatar\/3efdbd931cc33d8dfe7964468ff9e99477ed718a225334346935d7b242ebca1d?s=96&d=mm&r=g","caption":"Balog Erika"},"sameAs":["http:\/\/herbalkincsei.hu"],"url":"https:\/\/herbalkincsei.hu\/index.php\/author\/erika1977\/"}]}},"_links":{"self":[{"href":"https:\/\/herbalkincsei.hu\/index.php\/wp-json\/wp\/v2\/posts\/1136","targetHints":{"allow":["GET"]}}],"collection":[{"href":"https:\/\/herbalkincsei.hu\/index.php\/wp-json\/wp\/v2\/posts"}],"about":[{"href":"https:\/\/herbalkincsei.hu\/index.php\/wp-json\/wp\/v2\/types\/post"}],"author":[{"embeddable":true,"href":"https:\/\/herbalkincsei.hu\/index.php\/wp-json\/wp\/v2\/users\/2"}],"replies":[{"embeddable":true,"href":"https:\/\/herbalkincsei.hu\/index.php\/wp-json\/wp\/v2\/comments?post=1136"}],"version-history":[{"count":1,"href":"https:\/\/herbalkincsei.hu\/index.php\/wp-json\/wp\/v2\/posts\/1136\/revisions"}],"predecessor-version":[{"id":1137,"href":"https:\/\/herbalkincsei.hu\/index.php\/wp-json\/wp\/v2\/posts\/1136\/revisions\/1137"}],"wp:attachment":[{"href":"https:\/\/herbalkincsei.hu\/index.php\/wp-json\/wp\/v2\/media?parent=1136"}],"wp:term":[{"taxonomy":"category","embeddable":true,"href":"https:\/\/herbalkincsei.hu\/index.php\/wp-json\/wp\/v2\/categories?post=1136"},{"taxonomy":"post_tag","embeddable":true,"href":"https:\/\/herbalkincsei.hu\/index.php\/wp-json\/wp\/v2\/tags?post=1136"}],"curies":[{"name":"wp","href":"https:\/\/api.w.org\/{rel}","templated":true}]}}