{"id":1126,"date":"2025-02-16T10:39:05","date_gmt":"2025-02-16T09:39:05","guid":{"rendered":"https:\/\/herbalkincsei.hu\/?p=1126"},"modified":"2025-02-16T10:39:09","modified_gmt":"2025-02-16T09:39:09","slug":"lazgorcs","status":"publish","type":"post","link":"https:\/\/herbalkincsei.hu\/index.php\/2025\/02\/16\/lazgorcs\/","title":{"rendered":"L\u00e1zg\u00f6rcs"},"content":{"rendered":"\n<p class=\"has-black-color has-text-color has-link-color wp-elements-8b792c6c7661aadaf264e060dd3559a1\">A l\u00e1zg\u00f6rcs a gyermekkori g\u00f6rcs\u00f6s \u00e1llapotok leggyakoribb form\u00e1ja, t\u00edpusosan a l\u00e1z felsz\u00e1ll\u00f3 szakasz\u00e1ban jelentkezik, ak\u00e1r m\u00e1r 37 fok k\u00f6r\u00fcl bek\u00f6vetkezhet.A l\u00e1zg\u00f6rcs\u00f6t- rendszerint valamilyen a l\u00e1z h\u00e1tter\u00e9ben \u00e1ll\u00f3 fert\u0151z\u00e9s kiv\u00e1ltotta bonyolult biok\u00e9miai, k\u00f3r\u00e9lettani folyamat okozza, \u00e9s nem maga a l\u00e1z. Teh\u00e1t a l\u00e1zg\u00f6rcs elnevez\u00e9s el\u00e9g szerencs\u00e9tlen, hiszen \u00edgy oki t\u00e9nyez\u0151k\u00e9nt egyb\u0151l a l\u00e1zra gondolunk, helyesebb volna fert\u0151z\u00e9shez kapcsol\u00f3d\u00f3 g\u00f6rcsnek nevezni. Teh\u00e1t mivel nem a l\u00e1z a kiv\u00e1lt\u00f3 t\u00e9nyez\u0151 l\u00e1zcsillap\u00edt\u00f3 ad\u00e1s\u00e1val a l\u00e1zg\u00f6rcs nem el\u0151zhet\u0151 meg.<\/p>\n\n\n\n<p class=\"has-black-color has-text-color has-link-color wp-elements-3a8b8d51badd995c39cf45ac8f3d889b\">A l\u00e1zg\u00f6rcs 6 h\u00f3napos \u00e9s 6 \u00e9ves kor k\u00f6z\u00f6tt fordul el\u0151 leggyakrabban. A gyermekek kb. 3-4%-a ebben az \u00e9letkor id\u0151intervallumban \u00e1t\u00e9l egy l\u00e1zg\u00f6rcs\u00f6t. Ennek h\u00e1tter\u00e9ben \u00e1llhat genetikai ok, el\u0151fordulhat csal\u00e1di halmoz\u00f3d\u00e1s, egy gyerekn\u00e9l t\u00f6bb alkalommal is jelentkezhet. A l\u00e1zg\u00f6rcs a gyermek tanul\u00e1si k\u00e9pess\u00e9g\u00e9t, viselked\u00e9s\u00e9t, \u00e9rtelmi \u00e9s \u00e9rzelmi intelligenci\u00e1j\u00e1t nem befoly\u00e1solja<\/p>\n\n\n\n<p class=\"has-black-color has-text-color has-link-color wp-elements-744446f0d76387aff0a9d610c0d73191\"><strong>L\u00e1zg\u00f6rcs lefoly\u00e1sa<\/strong><\/p>\n\n\n\n<p class=\"has-black-color has-text-color has-link-color wp-elements-b2f01d48433d5199f6f19e161eb5358f\">A l\u00e1zg\u00f6rcs hirtelen\u00fcl kezd\u0151dik, riaszt\u00f3 t\u00fcnetekkel j\u00e1r: a gyermek elveszti eszm\u00e9let\u00e9t, teste megfesz\u00fcl szemei fennakadnak, p\u00e1r m\u00e1sodpercig nem vesz leveg\u0151t, ennek kapcs\u00e1n ellilulhat, majd a v\u00e9gtagokon ritmikus r\u00e1ngat\u00f3z\u00e1s l\u00e9p fel. \u00c1ltal\u00e1ban n\u00e9h\u00e1ny percig tart, de a r\u00e9miszt\u0151 t\u00fcnetek miatt egy egy \u00f6r\u00f6kk\u00e9 val\u00f3s\u00e1gnak t\u0171nhet. Az id\u0151\u00e9rz\u00e9k elveszt\u00e9se miatt a sz\u00fcl\u0151k nem is tudj\u00e1k megmondani pontosan meddig tartott a g\u00f6rcsroham. A g\u00f6rcsroham lezajl\u00e1sa ut\u00e1n a gyermek tudata egyb\u0151l nem mindig tisztul fel, k\u00e1b\u00e1nak t\u0171nik, sok esetben m\u00e9ly alv\u00e1sba zuhan. A roham alatt a gyermek nyelv\u00e9t elharaphatja, s\u00e9r\u00fclhet, bepisilhet, bekakilhat. Nagyobb gyermek a t\u00f6rt\u00e9ntekre pedig nem eml\u00e9kszik.<\/p>\n\n\n\n<p class=\"has-black-color has-text-color has-link-color wp-elements-a666d3a062766f649b46e57068cba756\">Az \u00fagy nevezett&nbsp;<strong>egyszer\u0171 l\u00e1zg\u00f6rcs eset\u00e9n.<\/strong> a&nbsp;g\u00f6rcsroham n\u00e9h\u00e1ny perc alatt megsz\u0171nik, de 10 percen bel\u00fcl mindenk\u00e9ppen.<strong>Komplik\u00e1lt l\u00e1zg\u00f6rcsr\u0151l<\/strong>&nbsp;akkor besz\u00e9l\u00fcnk, ha a fenti jelens\u00e9gek 10-15 percn\u00e9l tov\u00e1bb tartanak, ism\u00e9tl\u0151dnek, illetve egy\u00e9b idegrendszeri elt\u00e9r\u00e9sek is \u00e9szlelhet\u0151k.<\/p>\n\n\n\n<p class=\"has-black-color has-text-color has-link-color wp-elements-2246d9bda94563692bc8cfe167c1823c\">A l\u00e1zg\u00f6rcs nem epilepszi\u00e1s roham, de ahhoz hasonl\u00f3an zajlik le, csak igen ritk\u00e1n lesz az ilyen gyermek a k\u00e9s\u0151bbiekben epilepszi\u00e1s. Amennyiben egy gyermekn\u00e9l t\u00f6bb alkalommal fordul el\u0151 l\u00e1zg\u00f6rcs\u00f6s epiz\u00f3d, illetve egy\u00e9b idegrendszeri elt\u00e9r\u00e9sek \u00e9szlelhet\u0151k neurol\u00f3gia gondoz\u00e1sa, k\u00f6vet\u00e9se javasolt. A neurol\u00f3gus gondos m\u00e9rlegel\u00e9s ut\u00e1n antiepileptikumot- epilepszia elleni gy\u00f3gyszert \u2013 &nbsp;javasolhat az ism\u00e9tl\u0151d\u0151 l\u00e1zg\u00f6rcs\u00f6s epiz\u00f3dok megel\u0151z\u00e9se c\u00e9lj\u00e1b\u00f3l.<\/p>\n\n\n\n<p class=\"has-black-color has-text-color has-link-color wp-elements-2a85ef58bab5597287cb9bc71b0ba3af\">L\u00e1zcsillap\u00edt\u00f3 ad\u00e1s\u00e1val nem el\u0151zhet\u0151 meg a l\u00e1zg\u00f6rcs, h\u0151emelked\u00e9s eset\u00e9n&nbsp;l\u00e1zcsillap\u00edt\u00f3t adni felesleges \u00e9s k\u00e1ros.<\/p>\n\n\n\n<p class=\"has-black-color has-text-color has-link-color wp-elements-31b5def7f80bac044b0c843d7e87f0fe\"><strong>Mit tegy\u00fcnk otthon l\u00e1zg\u00f6rcs eset\u00e9n<\/strong><\/p>\n\n\n\n<ul class=\"wp-block-list has-black-color has-text-color has-link-color wp-elements-9cac4f8aab53d853c37e2f4216473294\">\n<li>Fontos, hogy amennyire lehet, \u0151rizz\u00fck meg nyugalmunkat, l\u00e9lekjelenl\u00e9t\u00fcnket.<\/li>\n\n\n\n<li>A gyermeket fektess\u00fck oldalra, \u00e9s v\u00e9dj\u00fck az esetleges s\u00e9r\u00fcl\u00e9sekt\u0151l, t\u00e1vol\u00edtsunk el minden vesz\u00e9lyes t\u00e1rgyat a k\u00f6zel\u00e9b\u0151l.<\/li>\n\n\n\n<li>A g\u00f6rcsroham alatt figyelj\u00fck a gyermek l\u00e9gz\u00e9s\u00e9t, b\u0151rsz\u00edn\u00e9t. G\u00f6rcsroham eset\u00e9n ugyanis r\u00f6vid ideig tart\u00f3 l\u00e9gz\u00e9skimarad\u00e1s, g\u00e9geizomg\u00f6rcs is bek\u00f6vetkezhet, emiatt a gyermek els\u00e1padhat, lesz\u00fcrk\u00fclhet.<\/li>\n\n\n\n<li>Amennyiben a ism\u00e9tl\u0151d\u0151 l\u00e1zg\u00f6rcsr\u0151l van sz\u00f3, akkor a gyermekorvos utas\u00edt\u00e1s\u00e1nak megfelel\u0151en a kor\u00e1bban receptre fel\u00edrt, h\u0171t\u0151szekr\u00e9nyben t\u00e1rolt v\u00e9gb\u00e9lbe adhat\u00f3 g\u00f6rcsold\u00f3 oldatot a g\u00f6rcs kezdet\u00e9n a v\u00e9gb\u00e9lny\u00edl\u00e1sba kell nyomni.<\/li>\n\n\n\n<li>A g\u00f6rcs ideje alatt, illetve am\u00edg teljesen nem tisztul fel a gyermek tudata, a f\u00e9lrenyel\u00e9s vesz\u00e9lye miatt semmit ne adjunk neki sz\u00e1jon \u00e1t (gy\u00f3gyszert, folyad\u00e9kot sem<\/li>\n\n\n\n<li>Ha a gyermek elalszik a l\u00e1zg\u00f6rcs v\u00e9g\u00e9n, akkor hagyjuk nyugodtan pihenni, ne r\u00e1zogassuk, pofozgassuk.<\/li>\n\n\n\n<li>Ha k\u00e9zn\u00e9l van egy okostelefon, vide\u00f3ra is vehetj\u00fck a folyamatot, amelynek visszan\u00e9z\u00e9se sokat seg\u00edthet majd a vizsg\u00e1l\u00f3 orvosnak!<\/li>\n\n\n\n<li>Pr\u00f3b\u00e1ljuk meg visszaid\u00e9zni, hogy mennyi ideig tartott a rosszull\u00e9t.<\/li>\n\n\n\n<li>A roham lezajl\u00e1s\u00e1t k\u00f6vet\u0151en\u00a0<strong>m\u00e9rj\u00fck meg a gyermek h\u0151m\u00e9rs\u00e9klet\u00e9t.<\/strong><\/li>\n<\/ul>\n","protected":false},"excerpt":{"rendered":"<p>A l\u00e1zg\u00f6rcs a gyermekkori g\u00f6rcs\u00f6s \u00e1llapotok leggyakoribb form\u00e1ja, t\u00edpusosan a l\u00e1z felsz\u00e1ll\u00f3 szakasz\u00e1ban jelentkezik, ak\u00e1r m\u00e1r 37 fok k\u00f6r\u00fcl bek\u00f6vetkezhet.A l\u00e1zg\u00f6rcs\u00f6t- rendszerint valamilyen a l\u00e1z&hellip;<\/p>\n","protected":false},"author":2,"featured_media":0,"comment_status":"closed","ping_status":"closed","sticky":false,"template":"","format":"standard","meta":{"footnotes":""},"categories":[229],"tags":[],"class_list":["post-1126","post","type-post","status-publish","format-standard","hentry","category-betegsegek"],"yoast_head":"<!-- This site is optimized with the Yoast SEO plugin v27.5 - https:\/\/yoast.com\/product\/yoast-seo-wordpress\/ -->\n<title>L\u00e1zg\u00f6rcs - Herb\u00e1lkincsei<\/title>\n<meta name=\"robots\" content=\"index, follow, max-snippet:-1, max-image-preview:large, max-video-preview:-1\" \/>\n<link rel=\"canonical\" href=\"https:\/\/herbalkincsei.hu\/index.php\/2025\/02\/16\/lazgorcs\/\" \/>\n<meta property=\"og:locale\" content=\"hu_HU\" \/>\n<meta property=\"og:type\" content=\"article\" \/>\n<meta property=\"og:title\" content=\"L\u00e1zg\u00f6rcs - Herb\u00e1lkincsei\" \/>\n<meta property=\"og:description\" content=\"A l\u00e1zg\u00f6rcs a gyermekkori g\u00f6rcs\u00f6s \u00e1llapotok leggyakoribb form\u00e1ja, t\u00edpusosan a l\u00e1z felsz\u00e1ll\u00f3 szakasz\u00e1ban jelentkezik, ak\u00e1r m\u00e1r 37 fok k\u00f6r\u00fcl bek\u00f6vetkezhet.A l\u00e1zg\u00f6rcs\u00f6t- rendszerint valamilyen a l\u00e1z&hellip;\" \/>\n<meta property=\"og:url\" content=\"https:\/\/herbalkincsei.hu\/index.php\/2025\/02\/16\/lazgorcs\/\" \/>\n<meta property=\"og:site_name\" content=\"Herb\u00e1lkincsei\" \/>\n<meta property=\"article:published_time\" content=\"2025-02-16T09:39:05+00:00\" \/>\n<meta property=\"article:modified_time\" content=\"2025-02-16T09:39:09+00:00\" \/>\n<meta name=\"author\" content=\"Balog Erika\" \/>\n<meta name=\"twitter:card\" content=\"summary_large_image\" \/>\n<meta name=\"twitter:label1\" content=\"Szerz\u0151:\" \/>\n\t<meta name=\"twitter:data1\" content=\"Balog Erika\" \/>\n\t<meta name=\"twitter:label2\" content=\"Becs\u00fclt olvas\u00e1si id\u0151\" \/>\n\t<meta name=\"twitter:data2\" content=\"3 perc\" \/>\n<script type=\"application\/ld+json\" class=\"yoast-schema-graph\">{\"@context\":\"https:\\\/\\\/schema.org\",\"@graph\":[{\"@type\":\"Article\",\"@id\":\"https:\\\/\\\/herbalkincsei.hu\\\/index.php\\\/2025\\\/02\\\/16\\\/lazgorcs\\\/#article\",\"isPartOf\":{\"@id\":\"https:\\\/\\\/herbalkincsei.hu\\\/index.php\\\/2025\\\/02\\\/16\\\/lazgorcs\\\/\"},\"author\":{\"name\":\"Balog Erika\",\"@id\":\"https:\\\/\\\/herbalkincsei.hu\\\/#\\\/schema\\\/person\\\/8fc8f1000dff8fb074a0366b029b6c60\"},\"headline\":\"L\u00e1zg\u00f6rcs\",\"datePublished\":\"2025-02-16T09:39:05+00:00\",\"dateModified\":\"2025-02-16T09:39:09+00:00\",\"mainEntityOfPage\":{\"@id\":\"https:\\\/\\\/herbalkincsei.hu\\\/index.php\\\/2025\\\/02\\\/16\\\/lazgorcs\\\/\"},\"wordCount\":798,\"publisher\":{\"@id\":\"https:\\\/\\\/herbalkincsei.hu\\\/#organization\"},\"articleSection\":[\"Betegs\u00e9gek\"],\"inLanguage\":\"hu\"},{\"@type\":\"WebPage\",\"@id\":\"https:\\\/\\\/herbalkincsei.hu\\\/index.php\\\/2025\\\/02\\\/16\\\/lazgorcs\\\/\",\"url\":\"https:\\\/\\\/herbalkincsei.hu\\\/index.php\\\/2025\\\/02\\\/16\\\/lazgorcs\\\/\",\"name\":\"L\u00e1zg\u00f6rcs - Herb\u00e1lkincsei\",\"isPartOf\":{\"@id\":\"https:\\\/\\\/herbalkincsei.hu\\\/#website\"},\"datePublished\":\"2025-02-16T09:39:05+00:00\",\"dateModified\":\"2025-02-16T09:39:09+00:00\",\"breadcrumb\":{\"@id\":\"https:\\\/\\\/herbalkincsei.hu\\\/index.php\\\/2025\\\/02\\\/16\\\/lazgorcs\\\/#breadcrumb\"},\"inLanguage\":\"hu\",\"potentialAction\":[{\"@type\":\"ReadAction\",\"target\":[\"https:\\\/\\\/herbalkincsei.hu\\\/index.php\\\/2025\\\/02\\\/16\\\/lazgorcs\\\/\"]}]},{\"@type\":\"BreadcrumbList\",\"@id\":\"https:\\\/\\\/herbalkincsei.hu\\\/index.php\\\/2025\\\/02\\\/16\\\/lazgorcs\\\/#breadcrumb\",\"itemListElement\":[{\"@type\":\"ListItem\",\"position\":1,\"name\":\"Kezd\u0151lap\",\"item\":\"https:\\\/\\\/herbalkincsei.hu\\\/\"},{\"@type\":\"ListItem\",\"position\":2,\"name\":\"L\u00e1zg\u00f6rcs\"}]},{\"@type\":\"WebSite\",\"@id\":\"https:\\\/\\\/herbalkincsei.hu\\\/#website\",\"url\":\"https:\\\/\\\/herbalkincsei.hu\\\/\",\"name\":\"herbalkincsei.hu\",\"description\":\"Ahol az eg\u00e9szs\u00e9g a c\u00e9l.\",\"publisher\":{\"@id\":\"https:\\\/\\\/herbalkincsei.hu\\\/#organization\"},\"potentialAction\":[{\"@type\":\"SearchAction\",\"target\":{\"@type\":\"EntryPoint\",\"urlTemplate\":\"https:\\\/\\\/herbalkincsei.hu\\\/?s={search_term_string}\"},\"query-input\":{\"@type\":\"PropertyValueSpecification\",\"valueRequired\":true,\"valueName\":\"search_term_string\"}}],\"inLanguage\":\"hu\"},{\"@type\":\"Organization\",\"@id\":\"https:\\\/\\\/herbalkincsei.hu\\\/#organization\",\"name\":\"Herb\u00e1lkincsei\",\"url\":\"https:\\\/\\\/herbalkincsei.hu\\\/\",\"logo\":{\"@type\":\"ImageObject\",\"inLanguage\":\"hu\",\"@id\":\"https:\\\/\\\/herbalkincsei.hu\\\/#\\\/schema\\\/logo\\\/image\\\/\",\"url\":\"https:\\\/\\\/herbalkincsei.hu\\\/wp-content\\\/uploads\\\/2024\\\/02\\\/cropped-Green-Leaf-Aromatherapy-Logo-400-\u00d7-135-keppont.png?wsr\",\"contentUrl\":\"https:\\\/\\\/herbalkincsei.hu\\\/wp-content\\\/uploads\\\/2024\\\/02\\\/cropped-Green-Leaf-Aromatherapy-Logo-400-\u00d7-135-keppont.png?wsr\",\"width\":400,\"height\":135,\"caption\":\"Herb\u00e1lkincsei\"},\"image\":{\"@id\":\"https:\\\/\\\/herbalkincsei.hu\\\/#\\\/schema\\\/logo\\\/image\\\/\"}},{\"@type\":\"Person\",\"@id\":\"https:\\\/\\\/herbalkincsei.hu\\\/#\\\/schema\\\/person\\\/8fc8f1000dff8fb074a0366b029b6c60\",\"name\":\"Balog Erika\",\"image\":{\"@type\":\"ImageObject\",\"inLanguage\":\"hu\",\"@id\":\"https:\\\/\\\/secure.gravatar.com\\\/avatar\\\/3efdbd931cc33d8dfe7964468ff9e99477ed718a225334346935d7b242ebca1d?s=96&d=mm&r=g\",\"url\":\"https:\\\/\\\/secure.gravatar.com\\\/avatar\\\/3efdbd931cc33d8dfe7964468ff9e99477ed718a225334346935d7b242ebca1d?s=96&d=mm&r=g\",\"contentUrl\":\"https:\\\/\\\/secure.gravatar.com\\\/avatar\\\/3efdbd931cc33d8dfe7964468ff9e99477ed718a225334346935d7b242ebca1d?s=96&d=mm&r=g\",\"caption\":\"Balog Erika\"},\"sameAs\":[\"http:\\\/\\\/herbalkincsei.hu\"],\"url\":\"https:\\\/\\\/herbalkincsei.hu\\\/index.php\\\/author\\\/erika1977\\\/\"}]}<\/script>\n<!-- \/ Yoast SEO plugin. -->","yoast_head_json":{"title":"L\u00e1zg\u00f6rcs - Herb\u00e1lkincsei","robots":{"index":"index","follow":"follow","max-snippet":"max-snippet:-1","max-image-preview":"max-image-preview:large","max-video-preview":"max-video-preview:-1"},"canonical":"https:\/\/herbalkincsei.hu\/index.php\/2025\/02\/16\/lazgorcs\/","og_locale":"hu_HU","og_type":"article","og_title":"L\u00e1zg\u00f6rcs - Herb\u00e1lkincsei","og_description":"A l\u00e1zg\u00f6rcs a gyermekkori g\u00f6rcs\u00f6s \u00e1llapotok leggyakoribb form\u00e1ja, t\u00edpusosan a l\u00e1z felsz\u00e1ll\u00f3 szakasz\u00e1ban jelentkezik, ak\u00e1r m\u00e1r 37 fok k\u00f6r\u00fcl bek\u00f6vetkezhet.A l\u00e1zg\u00f6rcs\u00f6t- rendszerint valamilyen a l\u00e1z&hellip;","og_url":"https:\/\/herbalkincsei.hu\/index.php\/2025\/02\/16\/lazgorcs\/","og_site_name":"Herb\u00e1lkincsei","article_published_time":"2025-02-16T09:39:05+00:00","article_modified_time":"2025-02-16T09:39:09+00:00","author":"Balog Erika","twitter_card":"summary_large_image","twitter_misc":{"Szerz\u0151:":"Balog Erika","Becs\u00fclt olvas\u00e1si id\u0151":"3 perc"},"schema":{"@context":"https:\/\/schema.org","@graph":[{"@type":"Article","@id":"https:\/\/herbalkincsei.hu\/index.php\/2025\/02\/16\/lazgorcs\/#article","isPartOf":{"@id":"https:\/\/herbalkincsei.hu\/index.php\/2025\/02\/16\/lazgorcs\/"},"author":{"name":"Balog Erika","@id":"https:\/\/herbalkincsei.hu\/#\/schema\/person\/8fc8f1000dff8fb074a0366b029b6c60"},"headline":"L\u00e1zg\u00f6rcs","datePublished":"2025-02-16T09:39:05+00:00","dateModified":"2025-02-16T09:39:09+00:00","mainEntityOfPage":{"@id":"https:\/\/herbalkincsei.hu\/index.php\/2025\/02\/16\/lazgorcs\/"},"wordCount":798,"publisher":{"@id":"https:\/\/herbalkincsei.hu\/#organization"},"articleSection":["Betegs\u00e9gek"],"inLanguage":"hu"},{"@type":"WebPage","@id":"https:\/\/herbalkincsei.hu\/index.php\/2025\/02\/16\/lazgorcs\/","url":"https:\/\/herbalkincsei.hu\/index.php\/2025\/02\/16\/lazgorcs\/","name":"L\u00e1zg\u00f6rcs - Herb\u00e1lkincsei","isPartOf":{"@id":"https:\/\/herbalkincsei.hu\/#website"},"datePublished":"2025-02-16T09:39:05+00:00","dateModified":"2025-02-16T09:39:09+00:00","breadcrumb":{"@id":"https:\/\/herbalkincsei.hu\/index.php\/2025\/02\/16\/lazgorcs\/#breadcrumb"},"inLanguage":"hu","potentialAction":[{"@type":"ReadAction","target":["https:\/\/herbalkincsei.hu\/index.php\/2025\/02\/16\/lazgorcs\/"]}]},{"@type":"BreadcrumbList","@id":"https:\/\/herbalkincsei.hu\/index.php\/2025\/02\/16\/lazgorcs\/#breadcrumb","itemListElement":[{"@type":"ListItem","position":1,"name":"Kezd\u0151lap","item":"https:\/\/herbalkincsei.hu\/"},{"@type":"ListItem","position":2,"name":"L\u00e1zg\u00f6rcs"}]},{"@type":"WebSite","@id":"https:\/\/herbalkincsei.hu\/#website","url":"https:\/\/herbalkincsei.hu\/","name":"herbalkincsei.hu","description":"Ahol az eg\u00e9szs\u00e9g a c\u00e9l.","publisher":{"@id":"https:\/\/herbalkincsei.hu\/#organization"},"potentialAction":[{"@type":"SearchAction","target":{"@type":"EntryPoint","urlTemplate":"https:\/\/herbalkincsei.hu\/?s={search_term_string}"},"query-input":{"@type":"PropertyValueSpecification","valueRequired":true,"valueName":"search_term_string"}}],"inLanguage":"hu"},{"@type":"Organization","@id":"https:\/\/herbalkincsei.hu\/#organization","name":"Herb\u00e1lkincsei","url":"https:\/\/herbalkincsei.hu\/","logo":{"@type":"ImageObject","inLanguage":"hu","@id":"https:\/\/herbalkincsei.hu\/#\/schema\/logo\/image\/","url":"https:\/\/herbalkincsei.hu\/wp-content\/uploads\/2024\/02\/cropped-Green-Leaf-Aromatherapy-Logo-400-\u00d7-135-keppont.png?wsr","contentUrl":"https:\/\/herbalkincsei.hu\/wp-content\/uploads\/2024\/02\/cropped-Green-Leaf-Aromatherapy-Logo-400-\u00d7-135-keppont.png?wsr","width":400,"height":135,"caption":"Herb\u00e1lkincsei"},"image":{"@id":"https:\/\/herbalkincsei.hu\/#\/schema\/logo\/image\/"}},{"@type":"Person","@id":"https:\/\/herbalkincsei.hu\/#\/schema\/person\/8fc8f1000dff8fb074a0366b029b6c60","name":"Balog Erika","image":{"@type":"ImageObject","inLanguage":"hu","@id":"https:\/\/secure.gravatar.com\/avatar\/3efdbd931cc33d8dfe7964468ff9e99477ed718a225334346935d7b242ebca1d?s=96&d=mm&r=g","url":"https:\/\/secure.gravatar.com\/avatar\/3efdbd931cc33d8dfe7964468ff9e99477ed718a225334346935d7b242ebca1d?s=96&d=mm&r=g","contentUrl":"https:\/\/secure.gravatar.com\/avatar\/3efdbd931cc33d8dfe7964468ff9e99477ed718a225334346935d7b242ebca1d?s=96&d=mm&r=g","caption":"Balog Erika"},"sameAs":["http:\/\/herbalkincsei.hu"],"url":"https:\/\/herbalkincsei.hu\/index.php\/author\/erika1977\/"}]}},"_links":{"self":[{"href":"https:\/\/herbalkincsei.hu\/index.php\/wp-json\/wp\/v2\/posts\/1126","targetHints":{"allow":["GET"]}}],"collection":[{"href":"https:\/\/herbalkincsei.hu\/index.php\/wp-json\/wp\/v2\/posts"}],"about":[{"href":"https:\/\/herbalkincsei.hu\/index.php\/wp-json\/wp\/v2\/types\/post"}],"author":[{"embeddable":true,"href":"https:\/\/herbalkincsei.hu\/index.php\/wp-json\/wp\/v2\/users\/2"}],"replies":[{"embeddable":true,"href":"https:\/\/herbalkincsei.hu\/index.php\/wp-json\/wp\/v2\/comments?post=1126"}],"version-history":[{"count":1,"href":"https:\/\/herbalkincsei.hu\/index.php\/wp-json\/wp\/v2\/posts\/1126\/revisions"}],"predecessor-version":[{"id":1127,"href":"https:\/\/herbalkincsei.hu\/index.php\/wp-json\/wp\/v2\/posts\/1126\/revisions\/1127"}],"wp:attachment":[{"href":"https:\/\/herbalkincsei.hu\/index.php\/wp-json\/wp\/v2\/media?parent=1126"}],"wp:term":[{"taxonomy":"category","embeddable":true,"href":"https:\/\/herbalkincsei.hu\/index.php\/wp-json\/wp\/v2\/categories?post=1126"},{"taxonomy":"post_tag","embeddable":true,"href":"https:\/\/herbalkincsei.hu\/index.php\/wp-json\/wp\/v2\/tags?post=1126"}],"curies":[{"name":"wp","href":"https:\/\/api.w.org\/{rel}","templated":true}]}}