{"id":1100,"date":"2025-02-14T17:13:23","date_gmt":"2025-02-14T16:13:23","guid":{"rendered":"https:\/\/herbalkincsei.hu\/?p=1100"},"modified":"2025-02-16T10:35:22","modified_gmt":"2025-02-16T09:35:22","slug":"d-vitamin","status":"publish","type":"post","link":"https:\/\/herbalkincsei.hu\/index.php\/2025\/02\/14\/d-vitamin\/","title":{"rendered":"D -vitamin"},"content":{"rendered":"\n<p class=\"has-black-color has-text-color has-link-color wp-elements-d198db0643114f557ac541cb1c1aeb4c\">A D- vitamin \u2013 m\u00e1s n\u00e9ven kalcifeol, de h\u00edvhatjuk napf\u00e9ny vitaminnak is \u2013 egy zs\u00edrold\u00e9kony vitaminszer\u0171 anyag, amelynek szerepe az emberi szervezet eg\u00e9szs\u00e9ges m\u0171k\u00f6d\u00e9s\u00e9ben egyre ink\u00e1bb fel\u00e9rt\u00e9kel\u0151dik.<br>A D-vitamin hozz\u00e1j\u00e1rul az eg\u00e9szs\u00e9ges csontozat \u00e9s norm\u00e1l fogazat fenntart\u00e1s\u00e1hoz.<br>Szerepe van a kalcium \u00e9s foszfor norm\u00e1l felsz\u00edv\u00f3d\u00e1s\u00e1ban, hasznosul\u00e1s\u00e1ban, a v\u00e9r norm\u00e1l kalciumszintj\u00e9nek fenntart\u00e1s\u00e1ban<\/p>\n\n\n\n<p class=\"has-black-color has-text-color has-link-color wp-elements-f42995e1092529965115f4d43f95bfca\"><strong>D3-vitamin<\/strong><br>Els\u0151dleges feladata a megfelel\u0151 k\u00e1lcium \u00e9s foszfor felsz\u00edv\u00f3d\u00e1s\u00e1t seg\u00edtse a v\u00e9konyb\u00e9lben.<br>Er\u0151s\u00edti a fogakat. Lecs\u00f6kkenti az allergi\u00e1s t\u00fcneteket okoz\u00f3 feh\u00e9rj\u00e9k szintj\u00e9t.<br>Megel\u0151zi a sz\u00edvbetegs\u00e9geket, v\u00e9d a csontritkul\u00e1st\u00f3l, emellett cs\u00f6kkenti a cukorbetegs\u00e9g, a r\u00e1k \u00e9s a depresszi\u00f3 kock\u00e1zat\u00e1t.<\/p>\n","protected":false},"excerpt":{"rendered":"<p>A D- vitamin \u2013 m\u00e1s n\u00e9ven kalcifeol, de h\u00edvhatjuk napf\u00e9ny vitaminnak is \u2013 egy zs\u00edrold\u00e9kony vitaminszer\u0171 anyag, amelynek szerepe az emberi szervezet eg\u00e9szs\u00e9ges m\u0171k\u00f6d\u00e9s\u00e9ben egyre&hellip;<\/p>\n","protected":false},"author":2,"featured_media":0,"comment_status":"closed","ping_status":"closed","sticky":false,"template":"","format":"standard","meta":{"footnotes":""},"categories":[227],"tags":[],"class_list":["post-1100","post","type-post","status-publish","format-standard","hentry","category-vitaminok"],"yoast_head":"<!-- This site is optimized with the Yoast SEO plugin v27.4 - https:\/\/yoast.com\/product\/yoast-seo-wordpress\/ -->\n<title>D -vitamin - Herb\u00e1lkincsei<\/title>\n<meta name=\"robots\" content=\"index, follow, max-snippet:-1, max-image-preview:large, max-video-preview:-1\" \/>\n<link rel=\"canonical\" href=\"https:\/\/herbalkincsei.hu\/index.php\/2025\/02\/14\/d-vitamin\/\" \/>\n<meta property=\"og:locale\" content=\"hu_HU\" \/>\n<meta property=\"og:type\" content=\"article\" \/>\n<meta property=\"og:title\" content=\"D -vitamin - Herb\u00e1lkincsei\" \/>\n<meta property=\"og:description\" content=\"A D- vitamin \u2013 m\u00e1s n\u00e9ven kalcifeol, de h\u00edvhatjuk napf\u00e9ny vitaminnak is \u2013 egy zs\u00edrold\u00e9kony vitaminszer\u0171 anyag, amelynek szerepe az emberi szervezet eg\u00e9szs\u00e9ges m\u0171k\u00f6d\u00e9s\u00e9ben egyre&hellip;\" \/>\n<meta property=\"og:url\" content=\"https:\/\/herbalkincsei.hu\/index.php\/2025\/02\/14\/d-vitamin\/\" \/>\n<meta property=\"og:site_name\" content=\"Herb\u00e1lkincsei\" \/>\n<meta property=\"article:published_time\" content=\"2025-02-14T16:13:23+00:00\" \/>\n<meta property=\"article:modified_time\" content=\"2025-02-16T09:35:22+00:00\" \/>\n<meta name=\"author\" content=\"Balog Erika\" \/>\n<meta name=\"twitter:card\" content=\"summary_large_image\" \/>\n<meta name=\"twitter:label1\" content=\"Szerz\u0151:\" \/>\n\t<meta name=\"twitter:data1\" content=\"Balog Erika\" \/>\n\t<meta name=\"twitter:label2\" content=\"Becs\u00fclt olvas\u00e1si id\u0151\" \/>\n\t<meta name=\"twitter:data2\" content=\"1 perc\" \/>\n<script type=\"application\/ld+json\" class=\"yoast-schema-graph\">{\"@context\":\"https:\\\/\\\/schema.org\",\"@graph\":[{\"@type\":\"Article\",\"@id\":\"https:\\\/\\\/herbalkincsei.hu\\\/index.php\\\/2025\\\/02\\\/14\\\/d-vitamin\\\/#article\",\"isPartOf\":{\"@id\":\"https:\\\/\\\/herbalkincsei.hu\\\/index.php\\\/2025\\\/02\\\/14\\\/d-vitamin\\\/\"},\"author\":{\"name\":\"Balog Erika\",\"@id\":\"https:\\\/\\\/herbalkincsei.hu\\\/#\\\/schema\\\/person\\\/8fc8f1000dff8fb074a0366b029b6c60\"},\"headline\":\"D -vitamin\",\"datePublished\":\"2025-02-14T16:13:23+00:00\",\"dateModified\":\"2025-02-16T09:35:22+00:00\",\"mainEntityOfPage\":{\"@id\":\"https:\\\/\\\/herbalkincsei.hu\\\/index.php\\\/2025\\\/02\\\/14\\\/d-vitamin\\\/\"},\"wordCount\":153,\"publisher\":{\"@id\":\"https:\\\/\\\/herbalkincsei.hu\\\/#organization\"},\"articleSection\":[\"Vitaminok\"],\"inLanguage\":\"hu\"},{\"@type\":\"WebPage\",\"@id\":\"https:\\\/\\\/herbalkincsei.hu\\\/index.php\\\/2025\\\/02\\\/14\\\/d-vitamin\\\/\",\"url\":\"https:\\\/\\\/herbalkincsei.hu\\\/index.php\\\/2025\\\/02\\\/14\\\/d-vitamin\\\/\",\"name\":\"D -vitamin - Herb\u00e1lkincsei\",\"isPartOf\":{\"@id\":\"https:\\\/\\\/herbalkincsei.hu\\\/#website\"},\"datePublished\":\"2025-02-14T16:13:23+00:00\",\"dateModified\":\"2025-02-16T09:35:22+00:00\",\"breadcrumb\":{\"@id\":\"https:\\\/\\\/herbalkincsei.hu\\\/index.php\\\/2025\\\/02\\\/14\\\/d-vitamin\\\/#breadcrumb\"},\"inLanguage\":\"hu\",\"potentialAction\":[{\"@type\":\"ReadAction\",\"target\":[\"https:\\\/\\\/herbalkincsei.hu\\\/index.php\\\/2025\\\/02\\\/14\\\/d-vitamin\\\/\"]}]},{\"@type\":\"BreadcrumbList\",\"@id\":\"https:\\\/\\\/herbalkincsei.hu\\\/index.php\\\/2025\\\/02\\\/14\\\/d-vitamin\\\/#breadcrumb\",\"itemListElement\":[{\"@type\":\"ListItem\",\"position\":1,\"name\":\"Kezd\u0151lap\",\"item\":\"https:\\\/\\\/herbalkincsei.hu\\\/\"},{\"@type\":\"ListItem\",\"position\":2,\"name\":\"D -vitamin\"}]},{\"@type\":\"WebSite\",\"@id\":\"https:\\\/\\\/herbalkincsei.hu\\\/#website\",\"url\":\"https:\\\/\\\/herbalkincsei.hu\\\/\",\"name\":\"herbalkincsei.hu\",\"description\":\"Ahol az eg\u00e9szs\u00e9g a c\u00e9l.\",\"publisher\":{\"@id\":\"https:\\\/\\\/herbalkincsei.hu\\\/#organization\"},\"potentialAction\":[{\"@type\":\"SearchAction\",\"target\":{\"@type\":\"EntryPoint\",\"urlTemplate\":\"https:\\\/\\\/herbalkincsei.hu\\\/?s={search_term_string}\"},\"query-input\":{\"@type\":\"PropertyValueSpecification\",\"valueRequired\":true,\"valueName\":\"search_term_string\"}}],\"inLanguage\":\"hu\"},{\"@type\":\"Organization\",\"@id\":\"https:\\\/\\\/herbalkincsei.hu\\\/#organization\",\"name\":\"Herb\u00e1lkincsei\",\"url\":\"https:\\\/\\\/herbalkincsei.hu\\\/\",\"logo\":{\"@type\":\"ImageObject\",\"inLanguage\":\"hu\",\"@id\":\"https:\\\/\\\/herbalkincsei.hu\\\/#\\\/schema\\\/logo\\\/image\\\/\",\"url\":\"https:\\\/\\\/herbalkincsei.hu\\\/wp-content\\\/uploads\\\/2024\\\/02\\\/cropped-Green-Leaf-Aromatherapy-Logo-400-\u00d7-135-keppont.png?wsr\",\"contentUrl\":\"https:\\\/\\\/herbalkincsei.hu\\\/wp-content\\\/uploads\\\/2024\\\/02\\\/cropped-Green-Leaf-Aromatherapy-Logo-400-\u00d7-135-keppont.png?wsr\",\"width\":400,\"height\":135,\"caption\":\"Herb\u00e1lkincsei\"},\"image\":{\"@id\":\"https:\\\/\\\/herbalkincsei.hu\\\/#\\\/schema\\\/logo\\\/image\\\/\"}},{\"@type\":\"Person\",\"@id\":\"https:\\\/\\\/herbalkincsei.hu\\\/#\\\/schema\\\/person\\\/8fc8f1000dff8fb074a0366b029b6c60\",\"name\":\"Balog Erika\",\"image\":{\"@type\":\"ImageObject\",\"inLanguage\":\"hu\",\"@id\":\"https:\\\/\\\/secure.gravatar.com\\\/avatar\\\/3efdbd931cc33d8dfe7964468ff9e99477ed718a225334346935d7b242ebca1d?s=96&d=mm&r=g\",\"url\":\"https:\\\/\\\/secure.gravatar.com\\\/avatar\\\/3efdbd931cc33d8dfe7964468ff9e99477ed718a225334346935d7b242ebca1d?s=96&d=mm&r=g\",\"contentUrl\":\"https:\\\/\\\/secure.gravatar.com\\\/avatar\\\/3efdbd931cc33d8dfe7964468ff9e99477ed718a225334346935d7b242ebca1d?s=96&d=mm&r=g\",\"caption\":\"Balog Erika\"},\"sameAs\":[\"http:\\\/\\\/herbalkincsei.hu\"],\"url\":\"https:\\\/\\\/herbalkincsei.hu\\\/index.php\\\/author\\\/erika1977\\\/\"}]}<\/script>\n<!-- \/ Yoast SEO plugin. -->","yoast_head_json":{"title":"D -vitamin - Herb\u00e1lkincsei","robots":{"index":"index","follow":"follow","max-snippet":"max-snippet:-1","max-image-preview":"max-image-preview:large","max-video-preview":"max-video-preview:-1"},"canonical":"https:\/\/herbalkincsei.hu\/index.php\/2025\/02\/14\/d-vitamin\/","og_locale":"hu_HU","og_type":"article","og_title":"D -vitamin - Herb\u00e1lkincsei","og_description":"A D- vitamin \u2013 m\u00e1s n\u00e9ven kalcifeol, de h\u00edvhatjuk napf\u00e9ny vitaminnak is \u2013 egy zs\u00edrold\u00e9kony vitaminszer\u0171 anyag, amelynek szerepe az emberi szervezet eg\u00e9szs\u00e9ges m\u0171k\u00f6d\u00e9s\u00e9ben egyre&hellip;","og_url":"https:\/\/herbalkincsei.hu\/index.php\/2025\/02\/14\/d-vitamin\/","og_site_name":"Herb\u00e1lkincsei","article_published_time":"2025-02-14T16:13:23+00:00","article_modified_time":"2025-02-16T09:35:22+00:00","author":"Balog Erika","twitter_card":"summary_large_image","twitter_misc":{"Szerz\u0151:":"Balog Erika","Becs\u00fclt olvas\u00e1si id\u0151":"1 perc"},"schema":{"@context":"https:\/\/schema.org","@graph":[{"@type":"Article","@id":"https:\/\/herbalkincsei.hu\/index.php\/2025\/02\/14\/d-vitamin\/#article","isPartOf":{"@id":"https:\/\/herbalkincsei.hu\/index.php\/2025\/02\/14\/d-vitamin\/"},"author":{"name":"Balog Erika","@id":"https:\/\/herbalkincsei.hu\/#\/schema\/person\/8fc8f1000dff8fb074a0366b029b6c60"},"headline":"D -vitamin","datePublished":"2025-02-14T16:13:23+00:00","dateModified":"2025-02-16T09:35:22+00:00","mainEntityOfPage":{"@id":"https:\/\/herbalkincsei.hu\/index.php\/2025\/02\/14\/d-vitamin\/"},"wordCount":153,"publisher":{"@id":"https:\/\/herbalkincsei.hu\/#organization"},"articleSection":["Vitaminok"],"inLanguage":"hu"},{"@type":"WebPage","@id":"https:\/\/herbalkincsei.hu\/index.php\/2025\/02\/14\/d-vitamin\/","url":"https:\/\/herbalkincsei.hu\/index.php\/2025\/02\/14\/d-vitamin\/","name":"D -vitamin - Herb\u00e1lkincsei","isPartOf":{"@id":"https:\/\/herbalkincsei.hu\/#website"},"datePublished":"2025-02-14T16:13:23+00:00","dateModified":"2025-02-16T09:35:22+00:00","breadcrumb":{"@id":"https:\/\/herbalkincsei.hu\/index.php\/2025\/02\/14\/d-vitamin\/#breadcrumb"},"inLanguage":"hu","potentialAction":[{"@type":"ReadAction","target":["https:\/\/herbalkincsei.hu\/index.php\/2025\/02\/14\/d-vitamin\/"]}]},{"@type":"BreadcrumbList","@id":"https:\/\/herbalkincsei.hu\/index.php\/2025\/02\/14\/d-vitamin\/#breadcrumb","itemListElement":[{"@type":"ListItem","position":1,"name":"Kezd\u0151lap","item":"https:\/\/herbalkincsei.hu\/"},{"@type":"ListItem","position":2,"name":"D -vitamin"}]},{"@type":"WebSite","@id":"https:\/\/herbalkincsei.hu\/#website","url":"https:\/\/herbalkincsei.hu\/","name":"herbalkincsei.hu","description":"Ahol az eg\u00e9szs\u00e9g a c\u00e9l.","publisher":{"@id":"https:\/\/herbalkincsei.hu\/#organization"},"potentialAction":[{"@type":"SearchAction","target":{"@type":"EntryPoint","urlTemplate":"https:\/\/herbalkincsei.hu\/?s={search_term_string}"},"query-input":{"@type":"PropertyValueSpecification","valueRequired":true,"valueName":"search_term_string"}}],"inLanguage":"hu"},{"@type":"Organization","@id":"https:\/\/herbalkincsei.hu\/#organization","name":"Herb\u00e1lkincsei","url":"https:\/\/herbalkincsei.hu\/","logo":{"@type":"ImageObject","inLanguage":"hu","@id":"https:\/\/herbalkincsei.hu\/#\/schema\/logo\/image\/","url":"https:\/\/herbalkincsei.hu\/wp-content\/uploads\/2024\/02\/cropped-Green-Leaf-Aromatherapy-Logo-400-\u00d7-135-keppont.png?wsr","contentUrl":"https:\/\/herbalkincsei.hu\/wp-content\/uploads\/2024\/02\/cropped-Green-Leaf-Aromatherapy-Logo-400-\u00d7-135-keppont.png?wsr","width":400,"height":135,"caption":"Herb\u00e1lkincsei"},"image":{"@id":"https:\/\/herbalkincsei.hu\/#\/schema\/logo\/image\/"}},{"@type":"Person","@id":"https:\/\/herbalkincsei.hu\/#\/schema\/person\/8fc8f1000dff8fb074a0366b029b6c60","name":"Balog Erika","image":{"@type":"ImageObject","inLanguage":"hu","@id":"https:\/\/secure.gravatar.com\/avatar\/3efdbd931cc33d8dfe7964468ff9e99477ed718a225334346935d7b242ebca1d?s=96&d=mm&r=g","url":"https:\/\/secure.gravatar.com\/avatar\/3efdbd931cc33d8dfe7964468ff9e99477ed718a225334346935d7b242ebca1d?s=96&d=mm&r=g","contentUrl":"https:\/\/secure.gravatar.com\/avatar\/3efdbd931cc33d8dfe7964468ff9e99477ed718a225334346935d7b242ebca1d?s=96&d=mm&r=g","caption":"Balog Erika"},"sameAs":["http:\/\/herbalkincsei.hu"],"url":"https:\/\/herbalkincsei.hu\/index.php\/author\/erika1977\/"}]}},"_links":{"self":[{"href":"https:\/\/herbalkincsei.hu\/index.php\/wp-json\/wp\/v2\/posts\/1100","targetHints":{"allow":["GET"]}}],"collection":[{"href":"https:\/\/herbalkincsei.hu\/index.php\/wp-json\/wp\/v2\/posts"}],"about":[{"href":"https:\/\/herbalkincsei.hu\/index.php\/wp-json\/wp\/v2\/types\/post"}],"author":[{"embeddable":true,"href":"https:\/\/herbalkincsei.hu\/index.php\/wp-json\/wp\/v2\/users\/2"}],"replies":[{"embeddable":true,"href":"https:\/\/herbalkincsei.hu\/index.php\/wp-json\/wp\/v2\/comments?post=1100"}],"version-history":[{"count":1,"href":"https:\/\/herbalkincsei.hu\/index.php\/wp-json\/wp\/v2\/posts\/1100\/revisions"}],"predecessor-version":[{"id":1101,"href":"https:\/\/herbalkincsei.hu\/index.php\/wp-json\/wp\/v2\/posts\/1100\/revisions\/1101"}],"wp:attachment":[{"href":"https:\/\/herbalkincsei.hu\/index.php\/wp-json\/wp\/v2\/media?parent=1100"}],"wp:term":[{"taxonomy":"category","embeddable":true,"href":"https:\/\/herbalkincsei.hu\/index.php\/wp-json\/wp\/v2\/categories?post=1100"},{"taxonomy":"post_tag","embeddable":true,"href":"https:\/\/herbalkincsei.hu\/index.php\/wp-json\/wp\/v2\/tags?post=1100"}],"curies":[{"name":"wp","href":"https:\/\/api.w.org\/{rel}","templated":true}]}}